{"id":6995,"date":"2015-05-22T11:13:58","date_gmt":"2015-05-22T09:13:58","guid":{"rendered":"https:\/\/www.fotocasa.es\/fotocasa-life\/?p=6995"},"modified":"2020-11-27T11:30:21","modified_gmt":"2020-11-27T10:30:21","slug":"la-construccion-crecio-un-08-en-marzo-en-la-eurozona-pero-bajo-un-14-en-espana","status":"publish","type":"post","link":"https:\/\/www.fotocasa.es\/fotocasa-life\/compraventa\/la-construccion-crecio-un-08-en-marzo-en-la-eurozona-pero-bajo-un-14-en-espana\/","title":{"rendered":"La construcci\u00f3n creci\u00f3 un 0,8% en marzo en la eurozona, pero baj\u00f3 un 1,4% en Espa\u00f1a"},"content":{"rendered":"<p>La actividad de la construcci\u00f3n en la zona euro registr\u00f3 un repunte del 0,8% en marzo respecto al mes anterior, cuando retrocedi\u00f3 un 1,6%. En comparaci\u00f3n con el mismo mes de 2014, la construcci\u00f3n baj\u00f3 un 2,7%, seg\u00fan los datos de <strong><a href=\"https:\/\/ec.europa.eu\/eurostat\" target=\"_blank\" rel=\"noopener noreferrer\">Eurostat<\/a><\/strong>.<\/p>\n<p>En el conjunto de la UE, la actividad del sector de la construcci\u00f3n creci\u00f3 un 1,5% en marzo con <strong><a href=\"https:\/\/www.fotocasa.es\/fotocasa-life\/compraventa\/la-actividad-de-la-construccion-bajo-un-18-en-febrero-en-la-zona-euro\/\" target=\"_blank\" rel=\"noopener noreferrer\">respecto a febrero<\/a><\/strong>, mientras que en t\u00e9rminos interanuales retrocedi\u00f3 un 1,3%.<\/p>\n<p>En comparaci\u00f3n con el mes anterior, los mayores incrementos de la construcci\u00f3n se observaron en Hungr\u00eda (6,3%), Ruman\u00eda (4,4%) y Reino Unido (3,8%), mientras los descensos m\u00e1s significativos correspondieron a Espa\u00f1a (1,4%) y Bulgaria (0,7%).<\/p>\n<p>En t\u00e9rminos interanuales, los descensos m\u00e1s notables correspondieron a <strong><a href=\"https:\/\/www.fotocasa.es\/fotocasa-life\/hogar\/reformas\/los-visados-para-la-construccion-de-viviendas-crecen-un-482-hasta-febrero\/\" target=\"_blank\" rel=\"noopener noreferrer\">Espa\u00f1a<\/a><\/strong> (8%), Francia (5,3%) y Eslovenia (4%), mientras los incrementos m\u00e1s significativos se registraron en Ruman\u00eda (13,3%), Hungr\u00eda (12,7%) y Pa\u00edses Bajos (11,5%).<\/p>\n<p>&nbsp;<\/p>\n","protected":false},"excerpt":{"rendered":"<p>La actividad de la construcci\u00f3n en la zona euro registr\u00f3 un repunte del 0,8% en marzo respecto al mes anterior, cuando retrocedi\u00f3 un 1,6%. En comparaci\u00f3n con el mismo mes de 2014, la construcci\u00f3n baj\u00f3 un 2,7%, seg\u00fan los datos de Eurostat. En el conjunto de la UE, la actividad del sector de la construcci\u00f3n&#8230;<\/p>\n","protected":false},"author":3,"featured_media":1471,"comment_status":"open","ping_status":"open","sticky":false,"template":"","format":"standard","meta":{"_lmt_disableupdate":"yes","_lmt_disable":"","footnotes":""},"categories":[3],"tags":[1072,318],"class_list":["post-6995","post","type-post","status-publish","format-standard","has-post-thumbnail","hentry","category-compraventa","tag-construccion-de-viviendas","tag-eurozona"],"modified_by":"Albert PC","_links":{"self":[{"href":"https:\/\/www.fotocasa.es\/fotocasa-life\/wp-json\/wp\/v2\/posts\/6995","targetHints":{"allow":["GET"]}}],"collection":[{"href":"https:\/\/www.fotocasa.es\/fotocasa-life\/wp-json\/wp\/v2\/posts"}],"about":[{"href":"https:\/\/www.fotocasa.es\/fotocasa-life\/wp-json\/wp\/v2\/types\/post"}],"author":[{"embeddable":true,"href":"https:\/\/www.fotocasa.es\/fotocasa-life\/wp-json\/wp\/v2\/users\/3"}],"replies":[{"embeddable":true,"href":"https:\/\/www.fotocasa.es\/fotocasa-life\/wp-json\/wp\/v2\/comments?post=6995"}],"version-history":[{"count":0,"href":"https:\/\/www.fotocasa.es\/fotocasa-life\/wp-json\/wp\/v2\/posts\/6995\/revisions"}],"wp:featuredmedia":[{"embeddable":true,"href":"https:\/\/www.fotocasa.es\/fotocasa-life\/wp-json\/wp\/v2\/media\/1471"}],"wp:attachment":[{"href":"https:\/\/www.fotocasa.es\/fotocasa-life\/wp-json\/wp\/v2\/media?parent=6995"}],"wp:term":[{"taxonomy":"category","embeddable":true,"href":"https:\/\/www.fotocasa.es\/fotocasa-life\/wp-json\/wp\/v2\/categories?post=6995"},{"taxonomy":"post_tag","embeddable":true,"href":"https:\/\/www.fotocasa.es\/fotocasa-life\/wp-json\/wp\/v2\/tags?post=6995"}],"curies":[{"name":"wp","href":"https:\/\/api.w.org\/{rel}","templated":true}]}}