{"id":68685,"date":"2022-02-16T14:50:56","date_gmt":"2022-02-16T13:50:56","guid":{"rendered":"https:\/\/www.fotocasa.es\/fotocasa-life\/?p=68685"},"modified":"2022-02-16T14:50:56","modified_gmt":"2022-02-16T13:50:56","slug":"puede-una-comunidad-de-propietarios-cambiar-de-administrador-de-fincas","status":"publish","type":"post","link":"https:\/\/www.fotocasa.es\/fotocasa-life\/compraventa\/puede-una-comunidad-de-propietarios-cambiar-de-administrador-de-fincas\/","title":{"rendered":"\u00bfPuede una comunidad de propietarios cambiar de administrador de fincas?"},"content":{"rendered":"<p>En casi todas las <a href=\"https:\/\/www.fotocasa.es\/fotocasa-life\/sector\/comunidad-de-propietarios-toma-de-decisiones-e-impugnacion-de-acuerdos\/\"><b>comunidades de propietarios<\/b><\/a> existe la figura del administrador de fincas que, a grandes rasgos, se encarga de <b>gestionar, en nombre de los propietarios de los inmuebles, los asuntos financieros, legales y t\u00e9cnicos<\/b> necesarios para el buen funcionamiento de una propiedad horizontal.<\/p>\n<p>Sin embargo, y a pesar de que <a href=\"https:\/\/www.fotocasa.es\/fotocasa-life\/hogar\/consejos-para-elegir-un-administrador-de-fincas\/\"><b>elegir un administrador de fincas<\/b><\/a> es una tarea importante y complicada, se trata de una figura bastante desconocida para muchos propietarios. Por ello, en este art\u00edculo queremos analizar cu\u00e1l es exactamente su funci\u00f3n, si <b>es obligatorio o no contar con esta figura y si una comunidad de propietarios puede cambiar de administrador de fincas<\/b>.<\/p>\n<h2><\/h2>\n<h2><b>\u00bfCu\u00e1les son las funciones de los administradores de fincas?<\/b><\/h2>\n<p>Como avanz\u00e1bamos, los <a href=\"https:\/\/www.fotocasa.es\/fotocasa-life\/abc-fotocasa\/administrador-de-fincas\/\"><b>administradores de fincas<\/b><\/a> son profesionales que se encargan de la gesti\u00f3n de todos aquellos asuntos financieros, legales y t\u00e9cnicos que se necesitan para el <b>mantenimiento y el buen funcionamiento de las comunidades de propietarios<\/b>.<\/p>\n","protected":false},"excerpt":{"rendered":"<p>En casi todas las comunidades de propietarios existe la figura del administrador de fincas que, a grandes rasgos, se encarga de gestionar, en nombre de los propietarios de los inmuebles, los asuntos financieros, legales y t\u00e9cnicos necesarios para el buen funcionamiento de una propiedad horizontal. Sin embargo, y a pesar de que elegir un administrador&#8230;<\/p>\n","protected":false},"author":3,"featured_media":68686,"comment_status":"open","ping_status":"closed","sticky":false,"template":"","format":"standard","meta":{"_lmt_disableupdate":"yes","_lmt_disable":"","footnotes":""},"categories":[3],"tags":[5275,5274,5273],"class_list":["post-68685","post","type-post","status-publish","format-standard","has-post-thumbnail","hentry","category-compraventa","tag-cambiar-administrador-comunidad","tag-cambiar-administrador-fincas","tag-cambio-de-administrador-de-fincas"],"modified_by":"Sara","_links":{"self":[{"href":"https:\/\/www.fotocasa.es\/fotocasa-life\/wp-json\/wp\/v2\/posts\/68685","targetHints":{"allow":["GET"]}}],"collection":[{"href":"https:\/\/www.fotocasa.es\/fotocasa-life\/wp-json\/wp\/v2\/posts"}],"about":[{"href":"https:\/\/www.fotocasa.es\/fotocasa-life\/wp-json\/wp\/v2\/types\/post"}],"author":[{"embeddable":true,"href":"https:\/\/www.fotocasa.es\/fotocasa-life\/wp-json\/wp\/v2\/users\/3"}],"replies":[{"embeddable":true,"href":"https:\/\/www.fotocasa.es\/fotocasa-life\/wp-json\/wp\/v2\/comments?post=68685"}],"version-history":[{"count":0,"href":"https:\/\/www.fotocasa.es\/fotocasa-life\/wp-json\/wp\/v2\/posts\/68685\/revisions"}],"wp:featuredmedia":[{"embeddable":true,"href":"https:\/\/www.fotocasa.es\/fotocasa-life\/wp-json\/wp\/v2\/media\/68686"}],"wp:attachment":[{"href":"https:\/\/www.fotocasa.es\/fotocasa-life\/wp-json\/wp\/v2\/media?parent=68685"}],"wp:term":[{"taxonomy":"category","embeddable":true,"href":"https:\/\/www.fotocasa.es\/fotocasa-life\/wp-json\/wp\/v2\/categories?post=68685"},{"taxonomy":"post_tag","embeddable":true,"href":"https:\/\/www.fotocasa.es\/fotocasa-life\/wp-json\/wp\/v2\/tags?post=68685"}],"curies":[{"name":"wp","href":"https:\/\/api.w.org\/{rel}","templated":true}]}}