{"id":6863,"date":"2015-05-20T17:05:18","date_gmt":"2015-05-20T15:05:18","guid":{"rendered":"https:\/\/www.fotocasa.es\/fotocasa-life\/?p=6863"},"modified":"2020-11-27T11:30:22","modified_gmt":"2020-11-27T10:30:22","slug":"de-paseo-por-casa-decor-2015-tour","status":"publish","type":"post","link":"https:\/\/www.fotocasa.es\/fotocasa-life\/hogar\/decoracion\/de-paseo-por-casa-decor-2015-tour\/","title":{"rendered":"De paseo por Casa Decor 2015 [TOUR]"},"content":{"rendered":"<p>La <strong>gran cita con la decoraci\u00f3n<\/strong> celebra su exposici\u00f3n n\u00famero 50. Para esta edici\u00f3n tan especial, la organizaci\u00f3n de <strong><a href=\"https:\/\/casadecor.es\/\" target=\"_blank\" rel=\"noopener noreferrer\">Casa Decor<\/a><\/strong> ha elegido la antigua Real F\u00e1brica de Cera, construida por Carlos III en 1778; un edificio situado en uno de los barrios m\u00e1s vanguardistas de Madrid, Malasa\u00f1a, que cuenta con 2.600 m2.<\/p>\n<p>En total, 42 equipos de interiorismo, arquitectura y paisajismo se han reunido este a\u00f1o para transformar este singular edificio. Su curiosa tipolog\u00eda, con elementos originales y zonas restauradas bajo c\u00e1nones actuales, dota a este inmueble de una singularidad y belleza \u00fanicas, donde cada planta es diferente de la otra, a cual m\u00e1s sorprendente.<\/p>\n<p>J\u00f3venes talentos y reputados profesionales del interiorismo en Espa\u00f1a se re\u00fanen hasta el 7 de junio, en la madrile\u00f1a <strong>calle de la Palma, n\u00ba 10<\/strong>, para transformar cincuenta espacios, a trav\u00e9s de los cuales los visitantes pueden conocer <strong><a href=\"https:\/\/www.fotocasa.es\/fotocasa-life\/hogar\/decoracion\/tendencias-de-decoracion-para-2015\/\">las tendencias<\/a><\/strong> m\u00e1s actuales, creativas y punteras de la decoraci\u00f3n moderna.<\/p>\n<p>Espacios multifuncionales que acogen varias zonas y usos: salones con comedor y cocina integrados, despachos con cuarto de estar, dormitorios abiertos a vestidores y ba\u00f1os\u2026 Y tambi\u00e9n espacios \u00fanicos, dif\u00edciles de encasillar en una tipolog\u00eda, en los que el arte, la creatividad y el ensue\u00f1o se re\u00fanen para crear todo tipo de atm\u00f3sferas: selvas tropicales, sue\u00f1os infantiles, espacios po\u00e9ticos\u2026 Descubre todos ellos de la mano de nuestro <strong>tour virtual<\/strong>&#8230;<\/p>\n<p>&nbsp;<\/p>\n<p>[gmedia id=5]<\/p>\n<p>&nbsp;<\/p>\n<p><\/p>\n","protected":false},"excerpt":{"rendered":"<p>La gran cita con la decoraci\u00f3n celebra su exposici\u00f3n n\u00famero 50. Para esta edici\u00f3n tan especial, la organizaci\u00f3n de Casa Decor ha elegido la antigua Real F\u00e1brica de Cera, construida por Carlos III en 1778; un edificio situado en uno de los barrios m\u00e1s vanguardistas de Madrid, Malasa\u00f1a, que cuenta con 2.600 m2. En total,&#8230;<\/p>\n","protected":false},"author":3,"featured_media":6881,"comment_status":"open","ping_status":"open","sticky":false,"template":"","format":"standard","meta":{"_lmt_disableupdate":"yes","_lmt_disable":"","footnotes":""},"categories":[4],"tags":[698,161,173,1661],"class_list":["post-6863","post","type-post","status-publish","format-standard","has-post-thumbnail","hentry","category-decoracion","tag-distribucion-de-espacios","tag-interiorismo","tag-materiales","tag-tour-virtual"],"modified_by":"Albert PC","_links":{"self":[{"href":"https:\/\/www.fotocasa.es\/fotocasa-life\/wp-json\/wp\/v2\/posts\/6863","targetHints":{"allow":["GET"]}}],"collection":[{"href":"https:\/\/www.fotocasa.es\/fotocasa-life\/wp-json\/wp\/v2\/posts"}],"about":[{"href":"https:\/\/www.fotocasa.es\/fotocasa-life\/wp-json\/wp\/v2\/types\/post"}],"author":[{"embeddable":true,"href":"https:\/\/www.fotocasa.es\/fotocasa-life\/wp-json\/wp\/v2\/users\/3"}],"replies":[{"embeddable":true,"href":"https:\/\/www.fotocasa.es\/fotocasa-life\/wp-json\/wp\/v2\/comments?post=6863"}],"version-history":[{"count":0,"href":"https:\/\/www.fotocasa.es\/fotocasa-life\/wp-json\/wp\/v2\/posts\/6863\/revisions"}],"wp:featuredmedia":[{"embeddable":true,"href":"https:\/\/www.fotocasa.es\/fotocasa-life\/wp-json\/wp\/v2\/media\/6881"}],"wp:attachment":[{"href":"https:\/\/www.fotocasa.es\/fotocasa-life\/wp-json\/wp\/v2\/media?parent=6863"}],"wp:term":[{"taxonomy":"category","embeddable":true,"href":"https:\/\/www.fotocasa.es\/fotocasa-life\/wp-json\/wp\/v2\/categories?post=6863"},{"taxonomy":"post_tag","embeddable":true,"href":"https:\/\/www.fotocasa.es\/fotocasa-life\/wp-json\/wp\/v2\/tags?post=6863"}],"curies":[{"name":"wp","href":"https:\/\/api.w.org\/{rel}","templated":true}]}}