{"id":6860,"date":"2015-05-19T13:11:05","date_gmt":"2015-05-19T11:11:05","guid":{"rendered":"https:\/\/www.fotocasa.es\/fotocasa-life\/?p=6860"},"modified":"2015-06-12T20:05:46","modified_gmt":"2015-06-12T18:05:46","slug":"el-consumo-de-cemento-se-dispara-un-13-en-abril-pero-el-sector-tardara-una-decada-en-recuperarse","status":"publish","type":"post","link":"https:\/\/www.fotocasa.es\/fotocasa-life\/compraventa\/el-consumo-de-cemento-se-dispara-un-13-en-abril-pero-el-sector-tardara-una-decada-en-recuperarse\/","title":{"rendered":"El consumo de cemento se dispara un 13% en abril pero el sector tardar\u00e1 una d\u00e9cada en recuperarse"},"content":{"rendered":"<p>El consumo de cemento creci\u00f3 un 13,3% en abril, hasta las 961.712 toneladas, y encadena ya <strong><a href=\"https:\/\/www.fotocasa.es\/fotocasa-life\/compraventa\/el-consumo-de-cemento-se-dispara-un-123-en-marzo-y-encadena-siete-meses-al-alza\/\">ocho meses consecutivos<\/a><\/strong> de aumento interanual en la demanda de este material.\u00a0En el conjunto del primer cuatrimestre, el consumo de cemento arroja un avance el 9,7% y suma 3,51 millones de toneladas, seg\u00fan la patronal del sector Oficemen.<\/p>\n<p>Tambi\u00e9n arroja un saldo positivo el dato de los \u00faltimos doce meses (mayo 2014-abril 2015), con un aumento del 4,6% en comparaci\u00f3n con el mismo periodo precedente.<\/p>\n<p>Adem\u00e1s, la demanda de cemento ha registrado en abril su primer avance interanual en los \u00faltimos ocho a\u00f1os, desde abril de 2007.<\/p>\n<p>&nbsp;<\/p>\n<p><strong>Una d\u00e9cada para recuperarse<\/strong><\/p>\n<p>La patronal cementera considera \u00abhalag\u00fce\u00f1os\u00bb estos datos, si bien estima que \u00aba\u00fan queda mucho camino por recorrer\u00bb a un sector que, seg\u00fan asegura, no acabar\u00e1 de recuperarse hasta finales de la pr\u00f3xima d\u00e9cada\u00bb.<\/p>\n<p>Oficemen destaca que la \u00abdecidida\u00bb apuesta de la industria cementera por la innovaci\u00f3n constituye una \u00abimportante variable a su favor\u00bb. \u00abEn Espa\u00f1a se fabrican 206 tipos de cemento diferentes, todos ellos certificados con los sellos de calidad m\u00e1s exigentes, lo que les confiere un valor competitivo diferencial\u00bb, se\u00f1al\u00f3 el director general de la patronal, Aniceto Zaragoza.<\/p>\n<p>\u00abEs momento de aportar ventajas competitivas sostenibles en el tiempo que permitan no s\u00f3lo aumentar los valores del consumo de cemento, sino <strong><a href=\"https:\/\/www.fotocasa.es\/fotocasa-life\/reformas\/casas-industriales-estructuras-novedosas-y-ligeras\/\">aumentar la sostenibilidad<\/a><\/strong> como parte del compromiso del sector con la sociedad\u00bb, asegur\u00f3.<\/p>\n<p>&nbsp;<\/p>\n","protected":false},"excerpt":{"rendered":"<p>El consumo de cemento creci\u00f3 un 13,3% en abril, hasta las 961.712 toneladas, y encadena ya ocho meses consecutivos de aumento interanual en la demanda de este material.\u00a0En el conjunto del primer cuatrimestre, el consumo de cemento arroja un avance el 9,7% y suma 3,51 millones de toneladas, seg\u00fan la patronal del sector Oficemen. Tambi\u00e9n&#8230;<\/p>\n","protected":false},"author":3,"featured_media":953,"comment_status":"open","ping_status":"open","sticky":false,"template":"","format":"standard","meta":{"_lmt_disableupdate":"yes","_lmt_disable":"","footnotes":""},"categories":[3],"tags":[1376,1072,1377,1379,1378,245],"class_list":["post-6860","post","type-post","status-publish","format-standard","has-post-thumbnail","hentry","category-compraventa","tag-cemento","tag-construccion-de-viviendas","tag-consumo-de-cemento","tag-demanda-de-cemento","tag-oficemen","tag-sector-inmobiliario"],"modified_by":"Agustina Battioli","_links":{"self":[{"href":"https:\/\/www.fotocasa.es\/fotocasa-life\/wp-json\/wp\/v2\/posts\/6860","targetHints":{"allow":["GET"]}}],"collection":[{"href":"https:\/\/www.fotocasa.es\/fotocasa-life\/wp-json\/wp\/v2\/posts"}],"about":[{"href":"https:\/\/www.fotocasa.es\/fotocasa-life\/wp-json\/wp\/v2\/types\/post"}],"author":[{"embeddable":true,"href":"https:\/\/www.fotocasa.es\/fotocasa-life\/wp-json\/wp\/v2\/users\/3"}],"replies":[{"embeddable":true,"href":"https:\/\/www.fotocasa.es\/fotocasa-life\/wp-json\/wp\/v2\/comments?post=6860"}],"version-history":[{"count":0,"href":"https:\/\/www.fotocasa.es\/fotocasa-life\/wp-json\/wp\/v2\/posts\/6860\/revisions"}],"wp:featuredmedia":[{"embeddable":true,"href":"https:\/\/www.fotocasa.es\/fotocasa-life\/wp-json\/wp\/v2\/media\/953"}],"wp:attachment":[{"href":"https:\/\/www.fotocasa.es\/fotocasa-life\/wp-json\/wp\/v2\/media?parent=6860"}],"wp:term":[{"taxonomy":"category","embeddable":true,"href":"https:\/\/www.fotocasa.es\/fotocasa-life\/wp-json\/wp\/v2\/categories?post=6860"},{"taxonomy":"post_tag","embeddable":true,"href":"https:\/\/www.fotocasa.es\/fotocasa-life\/wp-json\/wp\/v2\/tags?post=6860"}],"curies":[{"name":"wp","href":"https:\/\/api.w.org\/{rel}","templated":true}]}}