{"id":68582,"date":"2022-02-11T15:02:15","date_gmt":"2022-02-11T14:02:15","guid":{"rendered":"https:\/\/www.fotocasa.es\/fotocasa-life\/?p=68582"},"modified":"2022-02-12T12:37:23","modified_gmt":"2022-02-12T11:37:23","slug":"afectara-la-inflacion-al-mercado-inmobiliario-espanol-en-2022","status":"publish","type":"post","link":"https:\/\/www.fotocasa.es\/fotocasa-life\/sector\/afectara-la-inflacion-al-mercado-inmobiliario-espanol-en-2022\/","title":{"rendered":"\u00bfAfectar\u00e1 la inflaci\u00f3n al mercado inmobiliario espa\u00f1ol en 2022?"},"content":{"rendered":"<p>Hace unos d\u00edas hablamos sobre <a href=\"https:\/\/www.fotocasa.es\/fotocasa-life\/mercado-inmobiliario\/las-nuevas-tendencias-del-sector-inmobiliario-para-2022\/\"><b>las nuevas tendencias del sector inmobiliario para 2022<\/b><\/a>, entre las que destaca la plena recuperaci\u00f3n del mercado de inmuebles despu\u00e9s de la pandemia, y el incremento de la venta de viviendas.<\/p>\n<p>De hecho, el boom por cambiar de casa, unido al sentimiento de propiedad de los espa\u00f1oles, hacen que los expertos aseguren que la <a href=\"https:\/\/www.fotocasa.es\/fotocasa-life\/sector\/como-sera-el-mercado-de-la-vivienda-en-2022\/#:~:text=Todos%20los%20expertos%20coinciden%20en,estable%20y%20sin%20grandes%20cambios.&amp;text=Asimismo%20la%20mayor%C3%ADa%20coincide%20en,2022%20no%20subir%C3%A1n%20en%20exceso.\"><b>venta de inmuebles marcar\u00e1 el mercado de la vivienda en 2022<\/b><\/a>, una tendencia que ya empez\u00f3 el a\u00f1o pasado, cuando el n\u00famero de transacciones inmobiliarias increment\u00f3 en un 5%.<\/p>\n<p>Sin embargo, hay <b>otro factor que afectar\u00e1 al comportamiento del mercado inmobiliario: la inflaci\u00f3n<\/b>. A continuaci\u00f3n analizaremos qu\u00e9 es exactamente la inflaci\u00f3n y de qu\u00e9 manera repercutir\u00e1 en el \u00e1mbito de la vivienda.<\/p>\n<h2><b>\u00bfQu\u00e9 es la inflaci\u00f3n?<\/b><\/h2>\n<p>Como bien sabemos y podemos comprobar constantemente cuando, por ejemplo, vamos al supermercado o ponemos gasolina, <b>la econom\u00eda de todos los pa\u00edses est\u00e1 en constante movimiento y, con ella, los precios<\/b>, que van incrementando a\u00f1o tras a\u00f1o.<\/p>\n<p>Cada pa\u00eds mide la evoluci\u00f3n de su econom\u00eda de distintas maneras. En Espa\u00f1a, por ejemplo, se hace mediante el \u00cdndice de Precios al Consumo (IPC), que refleja la evoluci\u00f3n de los precios de los productos y servicios m\u00e1s usados en el pa\u00eds. Si el IPC sube significa que hay un aumento de la <b>inflaci\u00f3n y que, por lo tanto, los precios son m\u00e1s altos<\/b> y nuestro poder adquisitivo disminuye, ya que con la misma cantidad podemos adquirir menos cosas.<\/p>\n<p>Por lo tanto, podemos decir que <b>la inflaci\u00f3n es un aumento generalizado de los precios de los productos y servicios<\/b> de un pa\u00eds.<\/p>\n","protected":false},"excerpt":{"rendered":"<p>Hace unos d\u00edas hablamos sobre las nuevas tendencias del sector inmobiliario para 2022, entre las que destaca la plena recuperaci\u00f3n del mercado de inmuebles despu\u00e9s de la pandemia, y el incremento de la venta de viviendas. De hecho, el boom por cambiar de casa, unido al sentimiento de propiedad de los espa\u00f1oles, hacen que los&#8230;<\/p>\n","protected":false},"author":3,"featured_media":68586,"comment_status":"open","ping_status":"closed","sticky":false,"template":"","format":"standard","meta":{"_lmt_disableupdate":"yes","_lmt_disable":"","footnotes":""},"categories":[2327],"tags":[336,5241,5242],"class_list":["post-68582","post","type-post","status-publish","format-standard","has-post-thumbnail","hentry","category-sector","tag-inflacion","tag-inflacion-mercado-inmobiliario","tag-inflacion-vivienda"],"modified_by":"Agustina Battioli","_links":{"self":[{"href":"https:\/\/www.fotocasa.es\/fotocasa-life\/wp-json\/wp\/v2\/posts\/68582","targetHints":{"allow":["GET"]}}],"collection":[{"href":"https:\/\/www.fotocasa.es\/fotocasa-life\/wp-json\/wp\/v2\/posts"}],"about":[{"href":"https:\/\/www.fotocasa.es\/fotocasa-life\/wp-json\/wp\/v2\/types\/post"}],"author":[{"embeddable":true,"href":"https:\/\/www.fotocasa.es\/fotocasa-life\/wp-json\/wp\/v2\/users\/3"}],"replies":[{"embeddable":true,"href":"https:\/\/www.fotocasa.es\/fotocasa-life\/wp-json\/wp\/v2\/comments?post=68582"}],"version-history":[{"count":0,"href":"https:\/\/www.fotocasa.es\/fotocasa-life\/wp-json\/wp\/v2\/posts\/68582\/revisions"}],"wp:featuredmedia":[{"embeddable":true,"href":"https:\/\/www.fotocasa.es\/fotocasa-life\/wp-json\/wp\/v2\/media\/68586"}],"wp:attachment":[{"href":"https:\/\/www.fotocasa.es\/fotocasa-life\/wp-json\/wp\/v2\/media?parent=68582"}],"wp:term":[{"taxonomy":"category","embeddable":true,"href":"https:\/\/www.fotocasa.es\/fotocasa-life\/wp-json\/wp\/v2\/categories?post=68582"},{"taxonomy":"post_tag","embeddable":true,"href":"https:\/\/www.fotocasa.es\/fotocasa-life\/wp-json\/wp\/v2\/tags?post=68582"}],"curies":[{"name":"wp","href":"https:\/\/api.w.org\/{rel}","templated":true}]}}