{"id":68474,"date":"2022-02-09T11:40:09","date_gmt":"2022-02-09T10:40:09","guid":{"rendered":"https:\/\/www.fotocasa.es\/fotocasa-life\/?p=68474"},"modified":"2022-02-12T12:41:31","modified_gmt":"2022-02-12T11:41:31","slug":"diseno-biofilico-en-vivienda-la-nueva-tendencia","status":"publish","type":"post","link":"https:\/\/www.fotocasa.es\/fotocasa-life\/hogar\/decoracion\/diseno-biofilico-en-vivienda-la-nueva-tendencia\/","title":{"rendered":"Dise\u00f1o biof\u00edlico en vivienda: la nueva tendencia"},"content":{"rendered":"<p>Las tendencias en decoraci\u00f3n var\u00edan constantemente. Sin embargo, algunas tienen mayor acogida que otras, ya sea porque son m\u00e1s atemporales o porque contribuyen a <a href=\"https:\/\/www.fotocasa.es\/fotocasa-life\/hogar\/decoracion\/5-ideas-de-decoracion-para-mejorar-tu-bienestar-en-el-hogar\/\"><b>mejorar nuestro bienestar en el hogar<\/b><\/a>.<\/p>\n<p>De hecho est\u00e1 demostrado que <b>la decoraci\u00f3n influye directamente en c\u00f3mo nos sentimos, tanto dentro como fuera de nuestra casa<\/b>. Tanto es as\u00ed que muchos profesionales <a href=\"https:\/\/www.fotocasa.es\/fotocasa-life\/hogar\/decoracion\/como-se-aplica-el-diseno-emocional-a-la-creacion-de-viviendas\/\"><b>aplican el dise\u00f1o emocional a la creaci\u00f3n de viviendas<\/b><\/a>, es decir, crear inmuebles, edificios y espacios arquitect\u00f3nicos, <b>en funci\u00f3n de la forma de ser y de las emociones de las personas que van a vivir en ellos<\/b>.<\/p>\n<p>Dentro de la neuroarquitectura, que es, consiste, como apunt\u00e1bamos a aplicar a la arquitectura para mejorar las emociones y el bienestar, podemos <b>incluir una nueva corriente: el dise\u00f1o biof\u00edlico<\/b>. Si quieres saber de qu\u00e9 se trata y c\u00f3mo puede mejorar tu vida no te puedes perder este art\u00edculo.<\/p>\n","protected":false},"excerpt":{"rendered":"<p>Descubre qu\u00e9 es el dise\u00f1o biof\u00edlico y por qu\u00e9 es tan importante aplicarlo en la decoraci\u00f3n de nuestra casa<\/p>\n","protected":false},"author":3,"featured_media":68479,"comment_status":"open","ping_status":"closed","sticky":false,"template":"","format":"standard","meta":{"_lmt_disableupdate":"yes","_lmt_disable":"","footnotes":""},"categories":[4,2285],"tags":[5220,5219,5218],"class_list":["post-68474","post","type-post","status-publish","format-standard","has-post-thumbnail","hentry","category-decoracion","category-hogar","tag-arquitectura-biofilica","tag-decoracion-biofilica","tag-diseno-biofilico"],"modified_by":"Agustina Battioli","_links":{"self":[{"href":"https:\/\/www.fotocasa.es\/fotocasa-life\/wp-json\/wp\/v2\/posts\/68474","targetHints":{"allow":["GET"]}}],"collection":[{"href":"https:\/\/www.fotocasa.es\/fotocasa-life\/wp-json\/wp\/v2\/posts"}],"about":[{"href":"https:\/\/www.fotocasa.es\/fotocasa-life\/wp-json\/wp\/v2\/types\/post"}],"author":[{"embeddable":true,"href":"https:\/\/www.fotocasa.es\/fotocasa-life\/wp-json\/wp\/v2\/users\/3"}],"replies":[{"embeddable":true,"href":"https:\/\/www.fotocasa.es\/fotocasa-life\/wp-json\/wp\/v2\/comments?post=68474"}],"version-history":[{"count":0,"href":"https:\/\/www.fotocasa.es\/fotocasa-life\/wp-json\/wp\/v2\/posts\/68474\/revisions"}],"wp:featuredmedia":[{"embeddable":true,"href":"https:\/\/www.fotocasa.es\/fotocasa-life\/wp-json\/wp\/v2\/media\/68479"}],"wp:attachment":[{"href":"https:\/\/www.fotocasa.es\/fotocasa-life\/wp-json\/wp\/v2\/media?parent=68474"}],"wp:term":[{"taxonomy":"category","embeddable":true,"href":"https:\/\/www.fotocasa.es\/fotocasa-life\/wp-json\/wp\/v2\/categories?post=68474"},{"taxonomy":"post_tag","embeddable":true,"href":"https:\/\/www.fotocasa.es\/fotocasa-life\/wp-json\/wp\/v2\/tags?post=68474"}],"curies":[{"name":"wp","href":"https:\/\/api.w.org\/{rel}","templated":true}]}}