{"id":68438,"date":"2022-02-10T09:30:39","date_gmt":"2022-02-10T08:30:39","guid":{"rendered":"https:\/\/www.fotocasa.es\/fotocasa-life\/?p=68438"},"modified":"2022-02-10T09:29:02","modified_gmt":"2022-02-10T08:29:02","slug":"fotocasa-y-edp-lanzan-una-web-para-calcular-el-ahorro-potencial-en-el-consumo-electrico-con-paneles-solares","status":"publish","type":"post","link":"https:\/\/www.fotocasa.es\/fotocasa-life\/sostenibilidad\/fotocasa-y-edp-lanzan-una-web-para-calcular-el-ahorro-potencial-en-el-consumo-electrico-con-paneles-solares\/","title":{"rendered":"Fotocasa y EDP lanzan una web para calcular el ahorro potencial en el consumo el\u00e9ctrico con paneles solares"},"content":{"rendered":"<p><span style=\"font-weight: 400;\">Fotocasa<\/span><span style=\"font-weight: 400;\"> se une con el grupo energ\u00e9tico internacional <\/span><span style=\"font-weight: 400;\">EDP<\/span><span style=\"font-weight: 400;\"> para lanzar conjuntamente una <\/span><span style=\"font-weight: 400;\">web<\/span><span style=\"font-weight: 400;\"> que permite calcular el ahorro potencial del consumo el\u00e9ctrico de los hogares al instalar paneles solares. La alianza representa una<strong> apuesta por el autoconsumo energ\u00e9tico con la instalaci\u00f3n de paneles fotovoltaicos,<\/strong> que permiten generar y consumir energ\u00eda limpia durante las horas de sol, <strong>ahorrando hasta en un 50% en el consumo el\u00e9ctrico.\u00a0<\/strong><\/span><\/p>\n<p><span style=\"font-weight: 400;\">\u201cLos espa\u00f1oles cada vez est\u00e1n m\u00e1s concienciados con la importancia de la transici\u00f3n energ\u00e9tica y la lucha contra el cambio clim\u00e1tico, que pasan por <strong>mejorar la eficiencia energ\u00e9tica y el consumo realizado en los hogares.<\/strong> As\u00ed, poco a poco, se va viendo c\u00f3mo es posible reducir la factura de los suministros gracias a energ\u00edas renovables como puede ser la solar. Con la idea de ayudar a los usuarios comprometidos con el medio ambiente y que cada vez m\u00e1s buscan reducir la factura de la luz, <\/span><strong><a href=\"https:\/\/energia.fotocasa.es\/solar\/es\/fotocasa.html?utm_source=partners&amp;utm_medium=fotocasa&amp;utm_campaign=fotocasa\" target=\"_blank\" rel=\"noopener\">Fotocasa ha puesto en marcha junto a EDP una completa web<\/a><\/strong><span style=\"font-weight: 400;\"> para poder calcular el ahorro energ\u00e9tico en las facturas gracias a las horas de sol que recibe la vivienda\u201d, explica Mar\u00eda Matos, directora de Estudios y Portavoz de <\/span><span style=\"font-weight: 400;\">Fotocasa<\/span><span style=\"font-weight: 400;\">.<\/span><\/p>\n<p><span style=\"font-weight: 400;\">\u201cDesde EDP ofrecemos una soluci\u00f3n \u201cllave en mano\u201d, brindando asesoramiento durante todo el proceso y estudiando las bonificaciones y deducciones disponibles al instalar paneles solares. Tambi\u00e9n gestionamos cada paso t\u00e9cnico y legal para que los usuarios consuman su propia energ\u00eda. Por otro lado, EDP tambi\u00e9n ofrece monitorizaci\u00f3n y control del consumo de energ\u00eda con la app inteligente EDP Solar\u201d, asegura \u00d3scar Cubillo, director de Desarrollo de Negocio y Experiencia de Cliente de EDP Solar.<\/span><\/p>\n<h2><span style=\"font-weight: 400;\">Gran potencial para la generaci\u00f3n de energ\u00eda solar en Espa\u00f1a<\/span><\/h2>\n<p><span style=\"font-weight: 400;\">Espa\u00f1a, con m\u00e1s de 2.500 horas de sol al a\u00f1o<strong>, tiene un gran potencial para la generaci\u00f3n de energ\u00eda solar.<\/strong> Esto se traduce en una gran oportunidad para apostar por viviendas que se caracterizan por el ahorro energ\u00e9tico, la eficiencia y la sostenibilidad con instalaciones fotovoltaicas para autoconsumo.<\/span><\/p>\n","protected":false},"excerpt":{"rendered":"<p>El 85% de los hogares espa\u00f1oles podr\u00eda instalar paneles solares y convertirse en prosumers, produciendo y autoconsumiendo su propia energ\u00eda<\/p>\n","protected":false},"author":3,"featured_media":68441,"comment_status":"open","ping_status":"closed","sticky":false,"template":"","format":"standard","meta":{"_lmt_disableupdate":"yes","_lmt_disable":"","footnotes":""},"categories":[4274],"tags":[5128,4251,5206],"class_list":["post-68438","post","type-post","status-publish","format-standard","has-post-thumbnail","hentry","category-sostenibilidad","tag-autoconsumo","tag-placas-solares","tag-vivivendas-eficientes"],"modified_by":"Agustina Battioli","_links":{"self":[{"href":"https:\/\/www.fotocasa.es\/fotocasa-life\/wp-json\/wp\/v2\/posts\/68438","targetHints":{"allow":["GET"]}}],"collection":[{"href":"https:\/\/www.fotocasa.es\/fotocasa-life\/wp-json\/wp\/v2\/posts"}],"about":[{"href":"https:\/\/www.fotocasa.es\/fotocasa-life\/wp-json\/wp\/v2\/types\/post"}],"author":[{"embeddable":true,"href":"https:\/\/www.fotocasa.es\/fotocasa-life\/wp-json\/wp\/v2\/users\/3"}],"replies":[{"embeddable":true,"href":"https:\/\/www.fotocasa.es\/fotocasa-life\/wp-json\/wp\/v2\/comments?post=68438"}],"version-history":[{"count":0,"href":"https:\/\/www.fotocasa.es\/fotocasa-life\/wp-json\/wp\/v2\/posts\/68438\/revisions"}],"wp:featuredmedia":[{"embeddable":true,"href":"https:\/\/www.fotocasa.es\/fotocasa-life\/wp-json\/wp\/v2\/media\/68441"}],"wp:attachment":[{"href":"https:\/\/www.fotocasa.es\/fotocasa-life\/wp-json\/wp\/v2\/media?parent=68438"}],"wp:term":[{"taxonomy":"category","embeddable":true,"href":"https:\/\/www.fotocasa.es\/fotocasa-life\/wp-json\/wp\/v2\/categories?post=68438"},{"taxonomy":"post_tag","embeddable":true,"href":"https:\/\/www.fotocasa.es\/fotocasa-life\/wp-json\/wp\/v2\/tags?post=68438"}],"curies":[{"name":"wp","href":"https:\/\/api.w.org\/{rel}","templated":true}]}}