{"id":68393,"date":"2022-02-07T08:48:33","date_gmt":"2022-02-07T07:48:33","guid":{"rendered":"https:\/\/www.fotocasa.es\/fotocasa-life\/?p=68393"},"modified":"2022-02-07T08:48:33","modified_gmt":"2022-02-07T07:48:33","slug":"las-nuevas-tendencias-del-sector-inmobiliario-para-2022","status":"publish","type":"post","link":"https:\/\/www.fotocasa.es\/fotocasa-life\/sector\/las-nuevas-tendencias-del-sector-inmobiliario-para-2022\/","title":{"rendered":"Las nuevas tendencias del sector inmobiliario para 2022"},"content":{"rendered":"<p>Acabamos de dejar uno de los a\u00f1os m\u00e1s representativos en lo que al mercado inmobiliario se refiere. De hecho, siempre se recordar\u00e1 por dos grandes sucesos: <a href=\"https:\/\/www.fotocasa.es\/fotocasa-life\/general\/nueva-ley-de-vivienda\/\"><b>la primera ley de vivienda en Espa\u00f1a<\/b><\/a><b>, que el pasado 1 de febrero se aprob\u00f3 en el Consejo de Ministros, y la pandemia<\/b>, que no s\u00f3lo ha demostrado la resiliencia del sector, sino que ha modificado completamente las necesidades de los espa\u00f1oles a nivel residencial.<\/p>\n<p>Tanto es as\u00ed que <a href=\"https:\/\/www.fotocasa.es\/fotocasa-life\/sector\/razones-por-la-que-los-espanoles-se-cambian-de-piso\/\"><b>los espa\u00f1oles se cambian de piso m\u00e1s que nunca<\/b><\/a>, como apunt\u00e1bamos, porque <b>la vivienda ha pasado a ser el centro de nuestra vida, o por lo menos, ha cobrado m\u00e1s importancia que nunca<\/b>. Por ello, estamos m\u00e1s decididos a mudarnos a inmuebles que cumplan con nuestros requisitos, principalmente, con m\u00e1s habitaciones, con luz natural y con espacios exteriores.<\/p>\n<p>Estas son algunas de <a href=\"https:\/\/www.fotocasa.es\/fotocasa-life\/compraventa\/10-tendencias-de-vivienda-en-2022-para-quienes-buscan-cambiar-de-piso\/\"><b>las tendencias de vivienda de 2022 para quienes buscan cambiar de piso<\/b><\/a>. Pero \u00bfc\u00f3mo repercutir\u00e1 esta situaci\u00f3n? y, por ende, <b>\u00bfqu\u00e9 debemos esperar del sector inmobiliario 2022?<\/b> Te lo contamos.<\/p>\n<p>&nbsp;<\/p>\n<h2><b>\u00bfQu\u00e9 tendencias marcar\u00e1n el sector inmobiliario en 2022?\u00a0<\/b><\/h2>\n<p>Las tendencias de los \u00faltimos meses han marcado un antes y un despu\u00e9s en el sector inmobiliario que, seg\u00fan los expertos, <b>determinar\u00e1n la evoluci\u00f3n de este 2022 y se acabar\u00e1n de consolidar<\/b>. Por ello, ya se especula con que este a\u00f1o el mercado de los inmuebles reforzar\u00e1 su papel como uno de los pilares b\u00e1sicos de la econom\u00eda espa\u00f1ola.<\/p>\n","protected":false},"excerpt":{"rendered":"<p>Acabamos de dejar uno de los a\u00f1os m\u00e1s representativos en lo que al mercado inmobiliario se refiere. De hecho, siempre se recordar\u00e1 por dos grandes sucesos: la primera ley de vivienda en Espa\u00f1a, que el pasado 1 de febrero se aprob\u00f3 en el Consejo de Ministros, y la pandemia, que no s\u00f3lo ha demostrado la&#8230;<\/p>\n","protected":false},"author":3,"featured_media":68395,"comment_status":"open","ping_status":"closed","sticky":false,"template":"","format":"standard","meta":{"_lmt_disableupdate":"yes","_lmt_disable":"","footnotes":""},"categories":[2327],"tags":[5200,5199,5198],"class_list":["post-68393","post","type-post","status-publish","format-standard","has-post-thumbnail","hentry","category-sector","tag-mercado-inmobiliario-2022","tag-sector-inmobiliario-2022","tag-tendecias-sector-inmobiliario-2022"],"modified_by":"Agustina Battioli","_links":{"self":[{"href":"https:\/\/www.fotocasa.es\/fotocasa-life\/wp-json\/wp\/v2\/posts\/68393","targetHints":{"allow":["GET"]}}],"collection":[{"href":"https:\/\/www.fotocasa.es\/fotocasa-life\/wp-json\/wp\/v2\/posts"}],"about":[{"href":"https:\/\/www.fotocasa.es\/fotocasa-life\/wp-json\/wp\/v2\/types\/post"}],"author":[{"embeddable":true,"href":"https:\/\/www.fotocasa.es\/fotocasa-life\/wp-json\/wp\/v2\/users\/3"}],"replies":[{"embeddable":true,"href":"https:\/\/www.fotocasa.es\/fotocasa-life\/wp-json\/wp\/v2\/comments?post=68393"}],"version-history":[{"count":0,"href":"https:\/\/www.fotocasa.es\/fotocasa-life\/wp-json\/wp\/v2\/posts\/68393\/revisions"}],"wp:featuredmedia":[{"embeddable":true,"href":"https:\/\/www.fotocasa.es\/fotocasa-life\/wp-json\/wp\/v2\/media\/68395"}],"wp:attachment":[{"href":"https:\/\/www.fotocasa.es\/fotocasa-life\/wp-json\/wp\/v2\/media?parent=68393"}],"wp:term":[{"taxonomy":"category","embeddable":true,"href":"https:\/\/www.fotocasa.es\/fotocasa-life\/wp-json\/wp\/v2\/categories?post=68393"},{"taxonomy":"post_tag","embeddable":true,"href":"https:\/\/www.fotocasa.es\/fotocasa-life\/wp-json\/wp\/v2\/tags?post=68393"}],"curies":[{"name":"wp","href":"https:\/\/api.w.org\/{rel}","templated":true}]}}