{"id":68255,"date":"2022-02-01T09:30:30","date_gmt":"2022-02-01T08:30:30","guid":{"rendered":"https:\/\/www.fotocasa.es\/fotocasa-life\/?p=68255"},"modified":"2022-01-31T17:08:43","modified_gmt":"2022-01-31T16:08:43","slug":"el-78-de-los-vascos-reclama-beneficios-fiscales-para-incentivar-las-viviendas-energeticamente-eficientes","status":"publish","type":"post","link":"https:\/\/www.fotocasa.es\/fotocasa-life\/sostenibilidad\/el-78-de-los-vascos-reclama-beneficios-fiscales-para-incentivar-las-viviendas-energeticamente-eficientes\/","title":{"rendered":"El 78% de los vascos reclama beneficios fiscales para incentivar las viviendas energ\u00e9ticamente eficientes"},"content":{"rendered":"<p><span style=\"font-weight: 400;\">Los beneficios fiscales y los incentivos econ\u00f3micos son las pol\u00edticas m\u00e1s efectivas para los vascos a la hora de incentivar la demanda de vivienda energ\u00e9tica, seg\u00fan el \u00faltimo an\u00e1lisis de <\/span><span style=\"font-weight: 400;\">Fotocasa Research<\/span><span style=\"font-weight: 400;\"> sobre la importancia de las viviendas energ\u00e9ticamente eficientes y la opini\u00f3n que tienen de estas viviendas los ciudadanos, elaborado por <\/span><span style=\"font-weight: 400;\">Fotocasa<\/span><span style=\"font-weight: 400;\">. As\u00ed, <strong>el 78,9% de los vascos defiende que la desgravaci\u00f3n del IRPF en la declaraci\u00f3n de la renta ser\u00eda una medida efectiva para la compra de vivienda sostenible<\/strong>, mientras que el 75,6% se muestra a favor de la <strong>reducci\u00f3n del IVA y el Impuesto de Transmisiones Patrimoniales (ITP).<\/strong> Asimismo, el 78,1% considera que se deber\u00edan ofrecer subvenciones para la compra o alquiler de este tipo de viviendas. <\/span><span style=\"font-weight: 400;\">El Pa\u00eds Vasco, con m\u00e1s de 1.780 horas de sol al a\u00f1o, <strong>tiene un gran potencial para la generaci\u00f3n de energ\u00eda solar.<\/strong> Esto se traduce en una gran oportunidad para apostar por viviendas que se caracterizan por el ahorro energ\u00e9tico, la eficiencia y la sostenibilidad con instalaciones fotovoltaicas para autoconsumo.<\/span><\/p>\n","protected":false},"excerpt":{"rendered":"<p>En el Pa\u00eds Vasco se podr\u00edan instalar 10,3 millones de paneles solares que cubrir\u00edan el 100% de la demanda el\u00e9ctrica de la regi\u00f3n<\/p>\n","protected":false},"author":3,"featured_media":68256,"comment_status":"open","ping_status":"closed","sticky":false,"template":"","format":"standard","meta":{"_lmt_disableupdate":"yes","_lmt_disable":"","footnotes":""},"categories":[4274],"tags":[5146,3030,4251],"class_list":["post-68255","post","type-post","status-publish","format-standard","has-post-thumbnail","hentry","category-sostenibilidad","tag-casas-eficientes","tag-pais-vasco","tag-placas-solares"],"modified_by":"Agustina Battioli","_links":{"self":[{"href":"https:\/\/www.fotocasa.es\/fotocasa-life\/wp-json\/wp\/v2\/posts\/68255","targetHints":{"allow":["GET"]}}],"collection":[{"href":"https:\/\/www.fotocasa.es\/fotocasa-life\/wp-json\/wp\/v2\/posts"}],"about":[{"href":"https:\/\/www.fotocasa.es\/fotocasa-life\/wp-json\/wp\/v2\/types\/post"}],"author":[{"embeddable":true,"href":"https:\/\/www.fotocasa.es\/fotocasa-life\/wp-json\/wp\/v2\/users\/3"}],"replies":[{"embeddable":true,"href":"https:\/\/www.fotocasa.es\/fotocasa-life\/wp-json\/wp\/v2\/comments?post=68255"}],"version-history":[{"count":0,"href":"https:\/\/www.fotocasa.es\/fotocasa-life\/wp-json\/wp\/v2\/posts\/68255\/revisions"}],"wp:featuredmedia":[{"embeddable":true,"href":"https:\/\/www.fotocasa.es\/fotocasa-life\/wp-json\/wp\/v2\/media\/68256"}],"wp:attachment":[{"href":"https:\/\/www.fotocasa.es\/fotocasa-life\/wp-json\/wp\/v2\/media?parent=68255"}],"wp:term":[{"taxonomy":"category","embeddable":true,"href":"https:\/\/www.fotocasa.es\/fotocasa-life\/wp-json\/wp\/v2\/categories?post=68255"},{"taxonomy":"post_tag","embeddable":true,"href":"https:\/\/www.fotocasa.es\/fotocasa-life\/wp-json\/wp\/v2\/tags?post=68255"}],"curies":[{"name":"wp","href":"https:\/\/api.w.org\/{rel}","templated":true}]}}