{"id":68082,"date":"2022-01-25T10:00:46","date_gmt":"2022-01-25T09:00:46","guid":{"rendered":"https:\/\/www.fotocasa.es\/fotocasa-life\/?p=68082"},"modified":"2022-01-24T15:46:18","modified_gmt":"2022-01-24T14:46:18","slug":"8-de-cada-10-madrilenos-reclaman-beneficios-fiscales-para-incentivar-las-viviendas-energeticamente-eficientes","status":"publish","type":"post","link":"https:\/\/www.fotocasa.es\/fotocasa-life\/sostenibilidad\/8-de-cada-10-madrilenos-reclaman-beneficios-fiscales-para-incentivar-las-viviendas-energeticamente-eficientes\/","title":{"rendered":"8 de cada 10 madrile\u00f1os reclaman beneficios fiscales para incentivar las viviendas energ\u00e9ticamente eficientes"},"content":{"rendered":"<p><span style=\"font-weight: 400;\">Los beneficios fiscales y los incentivos econ\u00f3micos son las pol\u00edticas m\u00e1s efectivas para los madrile\u00f1os a la hora de incentivar la demanda de vivienda energ\u00e9tica, seg\u00fan el \u00faltimo an\u00e1lisis de <\/span><span style=\"font-weight: 400;\">Fotocasa Research<\/span><span style=\"font-weight: 400;\"> sobre la importancia de las viviendas energ\u00e9ticamente eficientes y la opini\u00f3n que tienen de estas viviendas los ciudadanos, elaborado por <\/span><span style=\"font-weight: 400;\">Fotocasa<\/span><span style=\"font-weight: 400;\">. As\u00ed,<strong> el 80,5% de los madrile\u00f1os defiende que la desgravaci\u00f3n del IRPF en la declaraci\u00f3n de la renta ser\u00eda una medida efectiva para la compra de vivienda sostenible,<\/strong> mientras que <a href=\"https:\/\/www.fotocasa.es\/fotocasa-life\/sostenibilidad\/el-75-de-los-espanoles-reclama-beneficios-fiscales-para-incentivar-la-compra-de-vivienda-eficiente-energeticamente\/\"><strong>el 76,4% se muestra a favor de la reducci\u00f3n del IVA y el Impuesto de Transmisiones Patrimoniales (ITP)<\/strong> <\/a>y el 76,2% considera que se deber\u00edan ofrecer subvenciones para la compra o alquiler de este tipo de viviendas.<\/span><\/p>\n<p><span style=\"font-weight: 400;\">La Comunidad de Madrid, con m\u00e1s de 2.700 horas de sol al a\u00f1o, tiene un gran potencial para la generaci\u00f3n de energ\u00eda solar. <strong>Esto se traduce en una gran oportunidad para apostar por viviendas que se caracterizan por el ahorro energ\u00e9tico, la eficiencia y la sostenibilidad con instalaciones fotovoltaicas para autoconsumo.<\/strong><\/span><\/p>\n<p><span style=\"font-weight: 400;\">Seg\u00fan un estudio realizado por <\/span><span style=\"font-weight: 400;\">EDP<\/span><span style=\"font-weight: 400;\"> sobre el potencial de ahorro de los hogares de la Comunidad de Madrid, el 82% de los hogares de la comunidad podr\u00eda instalar paneles solares y comenzar a auto consumir su propia energ\u00eda. En total, podr\u00edan instalarse 38,5 millones de paneles, que cubrir\u00edan el consumo medio anual de m\u00e1s de 3,2 millones de hogares, lo que supondr\u00eda el 100% de la demanda el\u00e9ctrica.<\/span><\/p>\n","protected":false},"excerpt":{"rendered":"<p>En la Comunidad de Madrid, se podr\u00edan instalar 38,5 millones de paneles solares, que cubrir\u00edan el 100% de la demanda el\u00e9ctrica de la regi\u00f3n<\/p>\n","protected":false},"author":3,"featured_media":68083,"comment_status":"open","ping_status":"closed","sticky":false,"template":"","format":"standard","meta":{"_lmt_disableupdate":"yes","_lmt_disable":"","footnotes":""},"categories":[4274],"tags":[5128,5129,4120,2357,4251],"class_list":["post-68082","post","type-post","status-publish","format-standard","has-post-thumbnail","hentry","category-sostenibilidad","tag-autoconsumo","tag-edp","tag-fotocasa-research","tag-madrid","tag-placas-solares"],"modified_by":"Agustina Battioli","_links":{"self":[{"href":"https:\/\/www.fotocasa.es\/fotocasa-life\/wp-json\/wp\/v2\/posts\/68082","targetHints":{"allow":["GET"]}}],"collection":[{"href":"https:\/\/www.fotocasa.es\/fotocasa-life\/wp-json\/wp\/v2\/posts"}],"about":[{"href":"https:\/\/www.fotocasa.es\/fotocasa-life\/wp-json\/wp\/v2\/types\/post"}],"author":[{"embeddable":true,"href":"https:\/\/www.fotocasa.es\/fotocasa-life\/wp-json\/wp\/v2\/users\/3"}],"replies":[{"embeddable":true,"href":"https:\/\/www.fotocasa.es\/fotocasa-life\/wp-json\/wp\/v2\/comments?post=68082"}],"version-history":[{"count":0,"href":"https:\/\/www.fotocasa.es\/fotocasa-life\/wp-json\/wp\/v2\/posts\/68082\/revisions"}],"wp:featuredmedia":[{"embeddable":true,"href":"https:\/\/www.fotocasa.es\/fotocasa-life\/wp-json\/wp\/v2\/media\/68083"}],"wp:attachment":[{"href":"https:\/\/www.fotocasa.es\/fotocasa-life\/wp-json\/wp\/v2\/media?parent=68082"}],"wp:term":[{"taxonomy":"category","embeddable":true,"href":"https:\/\/www.fotocasa.es\/fotocasa-life\/wp-json\/wp\/v2\/categories?post=68082"},{"taxonomy":"post_tag","embeddable":true,"href":"https:\/\/www.fotocasa.es\/fotocasa-life\/wp-json\/wp\/v2\/tags?post=68082"}],"curies":[{"name":"wp","href":"https:\/\/api.w.org\/{rel}","templated":true}]}}