{"id":68070,"date":"2022-01-24T11:43:55","date_gmt":"2022-01-24T10:43:55","guid":{"rendered":"https:\/\/www.fotocasa.es\/fotocasa-life\/?p=68070"},"modified":"2022-06-01T10:01:50","modified_gmt":"2022-06-01T08:01:50","slug":"aumentara-el-precio-del-alquiler-por-la-ayuda-del-bono-joven","status":"publish","type":"post","link":"https:\/\/www.fotocasa.es\/fotocasa-life\/alquiler\/aumentara-el-precio-del-alquiler-por-la-ayuda-del-bono-joven\/","title":{"rendered":"\u00bfAumentar\u00e1 el precio del alquiler por la ayuda del bono joven?"},"content":{"rendered":"<p>El Gobierno de Espa\u00f1a ha aprobado esta semana el <a href=\"https:\/\/www.fotocasa.es\/fotocasa-life\/alquiler\/como-funciona-el-bono-joven-de-ayuda-de-6-000-euros-de-la-nueva-ley-de-vivienda\/\"><strong>bono joven del alquiler<\/strong><\/a>, una medida muy esperada por los m\u00e1s de\u00a0<strong>70.000 j\u00f3venes de entre 18 y 35 a\u00f1os que podr\u00edan beneficiarse de una prestaci\u00f3n de 250 euros<\/strong>, siempre y cuando su sueldo\u00a0<strong>sea inferior a 24.318 euros<\/strong>. Seg\u00fan informa el Observatorio de Emancipaci\u00f3n Juvenil, en Espa\u00f1a tan solo\u00a0<strong>el\u00a015,8% de los j\u00f3venes de entre 16 y 29 a\u00f1os se han emancipado del hogar familiar<\/strong>. Con estos datos, podr\u00eda parecer que esta medida solo traer\u00e1 consecuencias positivas, no obstante, desde la\u00a0Asociaci\u00f3n Espa\u00f1ola de Personal Shopper Inmobiliario (AEPSI)\u00a0advierten de qu<strong>e podr\u00eda tratarse de un arma de doble filo que provoque un aumento del precio del alquiler a corto plazo<\/strong>.<\/p>\n<p>&nbsp;<\/p>\n<p style=\"text-align: center;\"><img loading=\"lazy\" decoding=\"async\" class=\"aligncenter wp-image-69199 size-medium\" src=\"https:\/\/www.fotocasa.es\/fotocasa-life\/wp-content\/uploads\/2022\/02\/bono-joven-img-ficha-300x226.png\" alt=\"C\u00f3mo pedir el Bono Alquiler Joven\" width=\"300\" height=\"226\" title=\"-\" srcset=\"https:\/\/www.fotocasa.es\/fotocasa-life\/wp-content\/uploads\/2022\/02\/bono-joven-img-ficha-300x226.png 300w, https:\/\/www.fotocasa.es\/fotocasa-life\/wp-content\/uploads\/2022\/02\/bono-joven-img-ficha-150x113.png 150w, https:\/\/www.fotocasa.es\/fotocasa-life\/wp-content\/uploads\/2022\/02\/bono-joven-img-ficha.png 730w\" sizes=\"auto, (max-width: 300px) 100vw, 300px\" \/><\/p>\n<div class=\"card-body\">\n<p style=\"text-align: center;\"><a class=\"btn btn-primary\" href=\"https:\/\/www.fotocasa.es\/fotocasa-life\/ebook-gratis\/ebook-como-pedir-el-bono-joven-de-250e-para-el-alquiler\/\"><strong>Descargar Ebook<\/strong> \u00abC\u00f3mo pedir el Bono Joven de 250\u20ac para el alquiler\u00bb<\/a><\/p>\n<\/div>\n<p><strong>I\u00f1aki Unsain, presidente de AEPSI<\/strong>, opina que \u201c<em>el Gobierno se equivoca en la medida, ya que\u00a0<strong>se trata de un parche temporal que producir\u00e1 subidas de precios y discriminaciones con los j\u00f3venes con salarios algo superiores<\/strong><\/em>\u201d. \u201c<em>Una vez m\u00e1s, el Estado subsidia en vez de destinar esos recursos a crear un parque de vivienda asequible, el cual permitir\u00eda aumentar la oferta y por lo tanto regular los precios sin intervencionismos<\/em>\u201d, contin\u00faa el experto.<\/p>\n","protected":false},"excerpt":{"rendered":"<p>Una subida en la demanda por el bono joven sin una subida de la oferta de pisos en alquiler podr\u00eda hacer que la renta de las viviendas suban su precio<\/p>\n","protected":false},"author":152,"featured_media":68071,"comment_status":"open","ping_status":"closed","sticky":false,"template":"","format":"standard","meta":{"_lmt_disableupdate":"yes","_lmt_disable":"","footnotes":""},"categories":[2],"tags":[5092,4664,4663,2418],"class_list":["post-68070","post","type-post","status-publish","format-standard","has-post-thumbnail","hentry","category-alquiler","tag-ayuda-alquiler","tag-bono-ayuda-alquiler","tag-bono-joven","tag-precio-alquiler"],"modified_by":"Jessica Llavero","_links":{"self":[{"href":"https:\/\/www.fotocasa.es\/fotocasa-life\/wp-json\/wp\/v2\/posts\/68070","targetHints":{"allow":["GET"]}}],"collection":[{"href":"https:\/\/www.fotocasa.es\/fotocasa-life\/wp-json\/wp\/v2\/posts"}],"about":[{"href":"https:\/\/www.fotocasa.es\/fotocasa-life\/wp-json\/wp\/v2\/types\/post"}],"author":[{"embeddable":true,"href":"https:\/\/www.fotocasa.es\/fotocasa-life\/wp-json\/wp\/v2\/users\/152"}],"replies":[{"embeddable":true,"href":"https:\/\/www.fotocasa.es\/fotocasa-life\/wp-json\/wp\/v2\/comments?post=68070"}],"version-history":[{"count":0,"href":"https:\/\/www.fotocasa.es\/fotocasa-life\/wp-json\/wp\/v2\/posts\/68070\/revisions"}],"wp:featuredmedia":[{"embeddable":true,"href":"https:\/\/www.fotocasa.es\/fotocasa-life\/wp-json\/wp\/v2\/media\/68071"}],"wp:attachment":[{"href":"https:\/\/www.fotocasa.es\/fotocasa-life\/wp-json\/wp\/v2\/media?parent=68070"}],"wp:term":[{"taxonomy":"category","embeddable":true,"href":"https:\/\/www.fotocasa.es\/fotocasa-life\/wp-json\/wp\/v2\/categories?post=68070"},{"taxonomy":"post_tag","embeddable":true,"href":"https:\/\/www.fotocasa.es\/fotocasa-life\/wp-json\/wp\/v2\/tags?post=68070"}],"curies":[{"name":"wp","href":"https:\/\/api.w.org\/{rel}","templated":true}]}}