{"id":67889,"date":"2022-01-20T11:00:31","date_gmt":"2022-01-20T10:00:31","guid":{"rendered":"https:\/\/www.fotocasa.es\/fotocasa-life\/?p=67889"},"modified":"2022-01-19T16:17:22","modified_gmt":"2022-01-19T15:17:22","slug":"el-75-de-los-espanoles-reclama-beneficios-fiscales-para-incentivar-la-compra-de-vivienda-eficiente-energeticamente","status":"publish","type":"post","link":"https:\/\/www.fotocasa.es\/fotocasa-life\/sostenibilidad\/el-75-de-los-espanoles-reclama-beneficios-fiscales-para-incentivar-la-compra-de-vivienda-eficiente-energeticamente\/","title":{"rendered":"El 75% de los espa\u00f1oles reclama beneficios fiscales para incentivar la compra de vivienda eficiente energ\u00e9ticamente"},"content":{"rendered":"<p><span style=\"font-weight: 400;\">Los beneficios fiscales y los incentivos econ\u00f3micos son las pol\u00edticas m\u00e1s efectivas para los espa\u00f1oles a la hora de incentivar la demanda de vivienda energ\u00e9tica, seg\u00fan el \u00faltimo an\u00e1lisis de <\/span><a href=\"https:\/\/research.fotocasa.es\/\" target=\"_blank\" rel=\"noopener\"><span style=\"font-weight: 400;\">Fotocasa Research<\/span><\/a><span style=\"font-weight: 400;\"> sobre la importancia de<a href=\"https:\/\/www.fotocasa.es\/fotocasa-life\/hogar\/se-incrementa-la-demanda-de-viviendas-eficientes\/\"><strong> las viviendas energ\u00e9ticamente eficientes<\/strong> <\/a>y la opini\u00f3n que tienen de estas viviendas los ciudadanos, elaborado por <\/span><span style=\"font-weight: 400;\">Fotocasa<\/span><span style=\"font-weight: 400;\">. As\u00ed, <strong>el 75,9% de los encuestados defiende que la desgravaci\u00f3n del IRPF en la declaraci\u00f3n de la renta ser\u00eda una medida efectiva para la compra de vivienda sostenible<\/strong>, mientras que el 75,8% se muestra a favor de la reducci\u00f3n del IVA y el Impuesto de Transmisiones Patrimoniales (ITP) y el 74,4% considera que se deber\u00edan ofrecer subvenciones para la compra o alquiler de este tipo de viviendas.<\/span><\/p>\n<p><span style=\"font-weight: 400;\">Estos datos muestran que las pol\u00edticas fiscales y econ\u00f3micas para aquellos que compran vivienda energ\u00e9tica tendr\u00edan en la sociedad mayor relevancia que las campa\u00f1as de concienciaci\u00f3n sobre los beneficios de la sostenibilidad ambiental. Por ello, frente a los altos porcentajes a favor de la reducci\u00f3n de impuestos o de ofrecer subvenciones, <strong>solo el 49,7% de los espa\u00f1oles considera importante informar sobre el impacto positivo que ofrecen estas viviendas para el medio ambiente.<\/strong><\/span><\/p>\n<p><span style=\"font-weight: 400;\"><strong>Los segmentos m\u00e1s adultos, sobre todo, a partir de los 45 a\u00f1os, perciben en mayor medida que estas pol\u00edticas incentivar\u00edan la compra de vivienda energ\u00e9tica<\/strong>. Por ejemplo, mientras que el 61% de los espa\u00f1oles de entre 18 y 24 a\u00f1os se muestra a favor de la desgravaci\u00f3n del IRPF en la declaraci\u00f3n de la renta para invertir en viviendas m\u00e1s sostenibles, esta cifra aumenta al 81,4% en el caso del grupo de 55 a 75 a\u00f1os. En el caso de las subvenciones, el 61% de los j\u00f3venes de entre 18 y 24 a\u00f1os defienden esta medida frente al 81,4% de los adultos de entre 55 a 75 a\u00f1os.<\/span><\/p>\n","protected":false},"excerpt":{"rendered":"<p>Siete de cada diez espa\u00f1oles est\u00e1n a favor de la reducci\u00f3n del IVA y el Impuesto de Transmisiones Patrimoniales para impulsar la demanda de este tipo de viviendas<\/p>\n","protected":false},"author":3,"featured_media":67891,"comment_status":"open","ping_status":"closed","sticky":false,"template":"","format":"standard","meta":{"_lmt_disableupdate":"yes","_lmt_disable":"","footnotes":""},"categories":[4274],"tags":[4147,1351,5098,5094],"class_list":["post-67889","post","type-post","status-publish","format-standard","has-post-thumbnail","hentry","category-sostenibilidad","tag-ahorro-energia","tag-energias-renovables","tag-incentivos-fiscales","tag-viviendas-eficientes"],"modified_by":"Agustina Battioli","_links":{"self":[{"href":"https:\/\/www.fotocasa.es\/fotocasa-life\/wp-json\/wp\/v2\/posts\/67889","targetHints":{"allow":["GET"]}}],"collection":[{"href":"https:\/\/www.fotocasa.es\/fotocasa-life\/wp-json\/wp\/v2\/posts"}],"about":[{"href":"https:\/\/www.fotocasa.es\/fotocasa-life\/wp-json\/wp\/v2\/types\/post"}],"author":[{"embeddable":true,"href":"https:\/\/www.fotocasa.es\/fotocasa-life\/wp-json\/wp\/v2\/users\/3"}],"replies":[{"embeddable":true,"href":"https:\/\/www.fotocasa.es\/fotocasa-life\/wp-json\/wp\/v2\/comments?post=67889"}],"version-history":[{"count":0,"href":"https:\/\/www.fotocasa.es\/fotocasa-life\/wp-json\/wp\/v2\/posts\/67889\/revisions"}],"wp:featuredmedia":[{"embeddable":true,"href":"https:\/\/www.fotocasa.es\/fotocasa-life\/wp-json\/wp\/v2\/media\/67891"}],"wp:attachment":[{"href":"https:\/\/www.fotocasa.es\/fotocasa-life\/wp-json\/wp\/v2\/media?parent=67889"}],"wp:term":[{"taxonomy":"category","embeddable":true,"href":"https:\/\/www.fotocasa.es\/fotocasa-life\/wp-json\/wp\/v2\/categories?post=67889"},{"taxonomy":"post_tag","embeddable":true,"href":"https:\/\/www.fotocasa.es\/fotocasa-life\/wp-json\/wp\/v2\/tags?post=67889"}],"curies":[{"name":"wp","href":"https:\/\/api.w.org\/{rel}","templated":true}]}}