{"id":67855,"date":"2022-01-19T08:30:12","date_gmt":"2022-01-19T07:30:12","guid":{"rendered":"https:\/\/www.fotocasa.es\/fotocasa-life\/?p=67855"},"modified":"2022-01-18T13:43:46","modified_gmt":"2022-01-18T12:43:46","slug":"reformas-para-poder-vender-tu-casa-sin-las-prohibiciones-de-bruselas","status":"publish","type":"post","link":"https:\/\/www.fotocasa.es\/fotocasa-life\/sostenibilidad\/reformas-para-poder-vender-tu-casa-sin-las-prohibiciones-de-bruselas\/","title":{"rendered":"Reformas para poder vender tu casa sin las prohibiciones de Bruselas"},"content":{"rendered":"<p>Bruselas aprob\u00f3 el pasado 13 de diciembre un segundo paquete de medidas orientadas a cumplir con sus compromisos internacionales referentes al cambio clim\u00e1tico. Entre \u00e9stas, una en especial toca muy de cerca al mercado inmobiliario de nuestro pa\u00eds: <a href=\"https:\/\/www.fotocasa.es\/fotocasa-life\/sostenibilidad\/bruselas-prohibira-a-espana-alquilar-y-vender-viviendas-poco-eficientes\/\"><b>Bruselas prohibir\u00e1 a Espa\u00f1a alquilar y vender viviendas poco eficientes<\/b><\/a>.<\/p>\n<p>A pesar de que, <b>a priori, ser\u00e1 a partir del a\u00f1o 2030, se trata de una medida controversial<\/b>, que afectar\u00e1 a muchas viviendas y, por lo tanto, a miles de propietarios que tengan pensado <a href=\"https:\/\/www.fotocasa.es\/es\/\"><b>alquilar o vender sus inmuebles<\/b><\/a>.<\/p>\n<p>Sin embargo, existen una serie de <b>reformas que podemos hacer para que nuestra casa sea m\u00e1s eficiente<\/b> y que, por lo tanto, pueda venderse sin las prohibiciones de Bruselas. \u00a1Toma nota!<\/p>\n","protected":false},"excerpt":{"rendered":"<p>Bruselas aprob\u00f3 el pasado 13 de diciembre un segundo paquete de medidas orientadas a cumplir con sus compromisos internacionales referentes al cambio clim\u00e1tico. Entre \u00e9stas, una en especial toca muy de cerca al mercado inmobiliario de nuestro pa\u00eds: Bruselas prohibir\u00e1 a Espa\u00f1a alquilar y vender viviendas poco eficientes. A pesar de que, a priori, ser\u00e1&#8230;<\/p>\n","protected":false},"author":3,"featured_media":67858,"comment_status":"open","ping_status":"closed","sticky":false,"template":"","format":"standard","meta":{"_lmt_disableupdate":"yes","_lmt_disable":"","footnotes":""},"categories":[4274],"tags":[5089,5087,5088],"class_list":["post-67855","post","type-post","status-publish","format-standard","has-post-thumbnail","hentry","category-sostenibilidad","tag-reformar-casa-bruselas","tag-reformas-vivienda-bruselas","tag-reformas-viviendas-eficientes"],"modified_by":"Sara","_links":{"self":[{"href":"https:\/\/www.fotocasa.es\/fotocasa-life\/wp-json\/wp\/v2\/posts\/67855","targetHints":{"allow":["GET"]}}],"collection":[{"href":"https:\/\/www.fotocasa.es\/fotocasa-life\/wp-json\/wp\/v2\/posts"}],"about":[{"href":"https:\/\/www.fotocasa.es\/fotocasa-life\/wp-json\/wp\/v2\/types\/post"}],"author":[{"embeddable":true,"href":"https:\/\/www.fotocasa.es\/fotocasa-life\/wp-json\/wp\/v2\/users\/3"}],"replies":[{"embeddable":true,"href":"https:\/\/www.fotocasa.es\/fotocasa-life\/wp-json\/wp\/v2\/comments?post=67855"}],"version-history":[{"count":0,"href":"https:\/\/www.fotocasa.es\/fotocasa-life\/wp-json\/wp\/v2\/posts\/67855\/revisions"}],"wp:featuredmedia":[{"embeddable":true,"href":"https:\/\/www.fotocasa.es\/fotocasa-life\/wp-json\/wp\/v2\/media\/67858"}],"wp:attachment":[{"href":"https:\/\/www.fotocasa.es\/fotocasa-life\/wp-json\/wp\/v2\/media?parent=67855"}],"wp:term":[{"taxonomy":"category","embeddable":true,"href":"https:\/\/www.fotocasa.es\/fotocasa-life\/wp-json\/wp\/v2\/categories?post=67855"},{"taxonomy":"post_tag","embeddable":true,"href":"https:\/\/www.fotocasa.es\/fotocasa-life\/wp-json\/wp\/v2\/tags?post=67855"}],"curies":[{"name":"wp","href":"https:\/\/api.w.org\/{rel}","templated":true}]}}