{"id":6718,"date":"2015-05-11T16:07:49","date_gmt":"2015-05-11T14:07:49","guid":{"rendered":"https:\/\/www.fotocasa.es\/fotocasa-life\/?p=6718"},"modified":"2020-11-27T11:30:32","modified_gmt":"2020-11-27T10:30:32","slug":"sareb-espera-finalizar-22-promociones-de-vivienda-en-2015-y-reanudar-60-obras","status":"publish","type":"post","link":"https:\/\/www.fotocasa.es\/fotocasa-life\/compraventa\/sareb-espera-finalizar-22-promociones-de-vivienda-en-2015-y-reanudar-60-obras\/","title":{"rendered":"Sareb espera finalizar 22 promociones de vivienda en 2015 y reanudar 60 obras"},"content":{"rendered":"<p>La Sociedad de gesti\u00f3n de activos procedentes de la reestructuraci\u00f3n bancaria (Sareb) tiene previsto finalizar 22 promociones de viviendas a lo largo del ejercicio, al tiempo que estudia la selecci\u00f3n de otras 60 obras para su reanudaci\u00f3n.<\/p>\n<p>Fuentes del llamado &#8216;<strong><a href=\"https:\/\/www.fotocasa.es\/fotocasa-life\/compraventa\/que-es-la-sareb-un-video-lo-explica-en-dos-minutos\/\">banco malo<\/a><\/strong>&#8216; han explicado que las promociones a las que se pondr\u00e1 punto final est\u00e1n ubicadas en Catalu\u00f1a, Valencia, Galicia, Castilla y Le\u00f3n, Extremadura, Madrid y Cantabria, \u00aben principio\u00bb estar\u00e1n destinadas a la comercializaci\u00f3n.<\/p>\n<p>La sociedad aprob\u00f3 en 2014 la puesta en marcha de 52 promociones, de las que 30 obtuvieron la Licencia de Primera Ocupaci\u00f3n durante el ejercicio. A lo largo del a\u00f1o se realizaron inversiones en activos inmobiliarios por valor de 35,6 millones de euros, principalmente en obras de urbanizaci\u00f3n en <strong><a href=\"https:\/\/www.fotocasa.es\/fotocasa-life\/compraventa\/la-sareb-vende-suelos-en-madrid-por-64-millones-de-euros-cp-amenabar\/\">terrenos y solares<\/a><\/strong> y en avance y finalizaci\u00f3n de obras en curso.<\/p>\n<p>En concreto, se aprobaron 19 promociones en Catalu\u00f1a, 17 en la Comunidad Valenciana, cuatro en Galicia, tres en Cantabria, tres en Castilla y Le\u00f3n, dos en Castilla-La Mancha, dos en Madrid, una en Extremadura y una en La Rioja.<\/p>\n<p>De ellas, est\u00e1 previsto que se terminen este a\u00f1o nueve que quedaban pendientes en Catalu\u00f1a, cinco en Comunidad Valenciana, dos en Galicia, dos en Castilla y Le\u00f3n, una en Extremadura, una en Madrid y dos en Cantabria.<\/p>\n<p>&nbsp;<\/p>\n<p><strong>Mantener el ritmo de ventas<\/strong><\/p>\n<p>Sareb se ha marcado <strong><a href=\"https:\/\/www.fotocasa.es\/fotocasa-life\/compraventa\/la-sareb-se-apoyara-en-los-promotores-para-promover-pisos-nuevos-en-2015\/\">el objetivo<\/a><\/strong> de mantener el ritmo de venta de inmuebles cercano a las 15.000 unidades en 2015 y conservar su posici\u00f3n entre los cinco primeros operadores de mercado, as\u00ed como incrementar la calidad del servicio a trav\u00e9s de los nuevos &#8216;servicers&#8217;.<\/p>\n<p>El &#8216;banco malo&#8217; tambi\u00e9n pretende intensificar la oferta a los inversores especializados de valor a\u00f1adido y comercializar una \u00abgama amplia\u00bb de carteras y portfolios a inversores institucionales a lo largo del a\u00f1o.<\/p>\n<p>La sociedad obtuvo ingresos por 1.115 millones de euros a cierre de 2014 gracias a las operaciones de venta a inversores especializados. Tambi\u00e9n cerr\u00f3 <strong><a href=\"https:\/\/www.fotocasa.es\/fotocasa-life\/compraventa\/una-de-cada-cinco-viviendas-vendida-por-la-sareb-en-2014-estaba-en-madrid-o-barcelona\/\">once grandes operaciones<\/a><\/strong>, principalmente de pr\u00e9stamos, que representaron el 84% del total de las operaciones mayoristas.<\/p>\n<p>As\u00ed, cerr\u00f3 la venta de las carteras &#8216;Kaplan&#8217; (de pr\u00e9stamos para pymes garantizados de residencial y suelo), &#8216;Crossover&#8217; (suelos en Alicante, Baleares, Barcelona y Madrid), &#8216;Dorian&#8217; (vivienda en alquiler), &#8216;Klaus&#8217; (pr\u00e9stamos a pymes) y &#8216;Pamela&#8217; (pr\u00e9stamos de garant\u00eda de edificios en Madrid).<\/p>\n<p>A estas operaciones se sum\u00f3 la venta de &#8216;Agatha&#8217; (pr\u00e9stamos e inmuebles en alquiler), &#8216;Aneto&#8217; (pr\u00e9stamos de garant\u00eda residencial y suelo), &#8216;Olivia&#8217; (pr\u00e9stamos de garant\u00eda residencial y comercial), &#8216;Meridian&#8217; (pr\u00e9stamos de garant\u00eda de activos tur\u00edsticos) y &#8216;Corona&#8217; (oficinas alquiladas en Madrid).<\/p>\n<p>&nbsp;<\/p>\n","protected":false},"excerpt":{"rendered":"<p>La Sociedad de gesti\u00f3n de activos procedentes de la reestructuraci\u00f3n bancaria (Sareb) tiene previsto finalizar 22 promociones de viviendas a lo largo del ejercicio, al tiempo que estudia la selecci\u00f3n de otras 60 obras para su reanudaci\u00f3n. Fuentes del llamado &#8216;banco malo&#8216; han explicado que las promociones a las que se pondr\u00e1 punto final est\u00e1n&#8230;<\/p>\n","protected":false},"author":3,"featured_media":6720,"comment_status":"open","ping_status":"open","sticky":false,"template":"","format":"standard","meta":{"_lmt_disableupdate":"yes","_lmt_disable":"","footnotes":""},"categories":[3],"tags":[30,973,975,1646,1368,974,243],"class_list":["post-6718","post","type-post","status-publish","format-standard","has-post-thumbnail","hentry","category-compraventa","tag-banco-malo","tag-canal-minorista-sareb","tag-cartera-sareb","tag-estrategia-sareb-2015","tag-jaime-echegoyen","tag-objetivo-anual-sareb","tag-sareb"],"modified_by":"Albert PC","_links":{"self":[{"href":"https:\/\/www.fotocasa.es\/fotocasa-life\/wp-json\/wp\/v2\/posts\/6718","targetHints":{"allow":["GET"]}}],"collection":[{"href":"https:\/\/www.fotocasa.es\/fotocasa-life\/wp-json\/wp\/v2\/posts"}],"about":[{"href":"https:\/\/www.fotocasa.es\/fotocasa-life\/wp-json\/wp\/v2\/types\/post"}],"author":[{"embeddable":true,"href":"https:\/\/www.fotocasa.es\/fotocasa-life\/wp-json\/wp\/v2\/users\/3"}],"replies":[{"embeddable":true,"href":"https:\/\/www.fotocasa.es\/fotocasa-life\/wp-json\/wp\/v2\/comments?post=6718"}],"version-history":[{"count":0,"href":"https:\/\/www.fotocasa.es\/fotocasa-life\/wp-json\/wp\/v2\/posts\/6718\/revisions"}],"wp:featuredmedia":[{"embeddable":true,"href":"https:\/\/www.fotocasa.es\/fotocasa-life\/wp-json\/wp\/v2\/media\/6720"}],"wp:attachment":[{"href":"https:\/\/www.fotocasa.es\/fotocasa-life\/wp-json\/wp\/v2\/media?parent=6718"}],"wp:term":[{"taxonomy":"category","embeddable":true,"href":"https:\/\/www.fotocasa.es\/fotocasa-life\/wp-json\/wp\/v2\/categories?post=6718"},{"taxonomy":"post_tag","embeddable":true,"href":"https:\/\/www.fotocasa.es\/fotocasa-life\/wp-json\/wp\/v2\/tags?post=6718"}],"curies":[{"name":"wp","href":"https:\/\/api.w.org\/{rel}","templated":true}]}}