{"id":66960,"date":"2021-12-20T10:00:39","date_gmt":"2021-12-20T09:00:39","guid":{"rendered":"https:\/\/www.fotocasa.es\/fotocasa-life\/?p=66960"},"modified":"2023-11-08T12:33:56","modified_gmt":"2023-11-08T11:33:56","slug":"como-puedo-saber-si-una-vivienda-de-proteccion-oficial-vpo-ha-prescrito","status":"publish","type":"post","link":"https:\/\/www.fotocasa.es\/fotocasa-life\/sector\/como-puedo-saber-si-una-vivienda-de-proteccion-oficial-vpo-ha-prescrito\/","title":{"rendered":"\u00bfC\u00f3mo puedo saber si una Vivienda de Protecci\u00f3n Oficial (VPO) ha prescrito?"},"content":{"rendered":"<p>Cuando compramos una vivienda de protecci\u00f3n oficial nos interesa conocer por cu\u00e1nto tiempo va a ser considerada una vivienda de protecci\u00f3n oficial (VPO). \u00bfEl motivo? Mientras sea calificada como tal, si nos interesa venderla o alquilarla, <strong>deberemos respetar las limitaciones en el precio<\/strong>.<\/p>\n<p>Mientras est\u00e9 calificada como VPO, <strong>no podr\u00e1s vender la vivienda por un valor mayor al de la venta de vivienda protegida<\/strong> en el lugar en el que se encuentre el inmueble, estando sujeta adem\u00e1s a los derechos de tanteo y retracto. Es decir, la Administraci\u00f3n tiene derecho preferente a la hora de comprar la vivienda.<\/p>\n<p>\u00bfCu\u00e1ndo prescribe la calificaci\u00f3n de VPO? A continuaci\u00f3n, te explicamos <strong>cu\u00e1l es el tiempo de vigencia y c\u00f3mo saber si ha prescrito una VPO <\/strong>y qu\u00e9 es lo que dice la <strong><a href=\"https:\/\/www.fotocasa.es\/fotocasa-life\/sector\/vppl-vppb-o-vpo-seran-automaticamente-viviendas-de-calificacion-indefinida-con-la-nueva-ley-de-vivienda\/\">nueva ley de vivienda sobre las VPO<\/a><\/strong>.<\/p>\n<h2><span data-sheets-value=\"{&quot;1&quot;:2,&quot;2&quot;:&quot;como saber si ha prescrito una vpo&quot;}\" data-sheets-userformat=\"{&quot;2&quot;:4224,&quot;10&quot;:1,&quot;15&quot;:&quot;\\&quot;Open Sans\\&quot;&quot;}\">\u00bfC\u00f3mo saber si ha prescrito una VPO?<\/span><\/h2>\n<p>Si, por lo general, ya han <strong>pasado un m\u00ednimo de 30 a\u00f1os<\/strong> desde que fue comprada, la vivienda ya est\u00e1 descalificada, por lo que ha prescrito la limitaci\u00f3n a la hora de venderla. Sin embargo, es interesante destacar que las <strong><a href=\"https:\/\/www.fotocasa.es\/es\/comprar\/viviendas\/espana\/todas-las-zonas\/l?text=vivienda-de-proteccion-oficial\">viviendas de protecci\u00f3n oficial<\/a><\/strong> pueden descalificarse antes de que finalice este plazo de 30 a\u00f1os, siempre y cuando se cumplan ciertos requisitos.<\/p>\n<p>Podemos conocer el estado de la calificaci\u00f3n de la vivienda en la documentaci\u00f3n del inmueble ya que cada construcci\u00f3n est\u00e1 <strong>regulada bajo una normativa al amparo de la cual est\u00e1 calificada dicha vivienda<\/strong>.<\/p>\n","protected":false},"excerpt":{"rendered":"<p>Revisa a qu\u00e9 Real Decreto est\u00e1 acogida tu VPO y en qu\u00e9 a\u00f1o la compraste para descubrir si ha trancurrido el plazo o no<\/p>\n","protected":false},"author":3,"featured_media":66961,"comment_status":"open","ping_status":"closed","sticky":false,"template":"","format":"standard","meta":{"_lmt_disableupdate":"yes","_lmt_disable":"","footnotes":""},"categories":[2327],"tags":[4960,4959],"class_list":["post-66960","post","type-post","status-publish","format-standard","has-post-thumbnail","hentry","category-sector","tag-como-saber-si-vpo-esta-descalificada","tag-saber-si-ha-prescrito-vpo"],"modified_by":"Agustina Battioli","_links":{"self":[{"href":"https:\/\/www.fotocasa.es\/fotocasa-life\/wp-json\/wp\/v2\/posts\/66960","targetHints":{"allow":["GET"]}}],"collection":[{"href":"https:\/\/www.fotocasa.es\/fotocasa-life\/wp-json\/wp\/v2\/posts"}],"about":[{"href":"https:\/\/www.fotocasa.es\/fotocasa-life\/wp-json\/wp\/v2\/types\/post"}],"author":[{"embeddable":true,"href":"https:\/\/www.fotocasa.es\/fotocasa-life\/wp-json\/wp\/v2\/users\/3"}],"replies":[{"embeddable":true,"href":"https:\/\/www.fotocasa.es\/fotocasa-life\/wp-json\/wp\/v2\/comments?post=66960"}],"version-history":[{"count":0,"href":"https:\/\/www.fotocasa.es\/fotocasa-life\/wp-json\/wp\/v2\/posts\/66960\/revisions"}],"wp:featuredmedia":[{"embeddable":true,"href":"https:\/\/www.fotocasa.es\/fotocasa-life\/wp-json\/wp\/v2\/media\/66961"}],"wp:attachment":[{"href":"https:\/\/www.fotocasa.es\/fotocasa-life\/wp-json\/wp\/v2\/media?parent=66960"}],"wp:term":[{"taxonomy":"category","embeddable":true,"href":"https:\/\/www.fotocasa.es\/fotocasa-life\/wp-json\/wp\/v2\/categories?post=66960"},{"taxonomy":"post_tag","embeddable":true,"href":"https:\/\/www.fotocasa.es\/fotocasa-life\/wp-json\/wp\/v2\/tags?post=66960"}],"curies":[{"name":"wp","href":"https:\/\/api.w.org\/{rel}","templated":true}]}}