{"id":6679,"date":"2015-05-11T21:00:14","date_gmt":"2015-05-11T19:00:14","guid":{"rendered":"https:\/\/www.fotocasa.es\/fotocasa-life\/?p=6679"},"modified":"2022-11-08T09:59:06","modified_gmt":"2022-11-08T08:59:06","slug":"de-visita-en-casa-de-macarena-gea","status":"publish","type":"post","link":"https:\/\/www.fotocasa.es\/fotocasa-life\/hogar\/decoracion\/de-visita-en-casa-de-macarena-gea\/","title":{"rendered":"De visita en casa de&#8230; Macarena Gea"},"content":{"rendered":"<p>Arquitecta, interiorista y organizadora de bodas y eventos, <strong>Macarena Gea\u00a0<\/strong>es una de las bloggers m\u00e1s influyentes\u00a0de nuestro pa\u00eds. Casada y madre de un beb\u00e9 de\u00a0casi un a\u00f1o,\u00a0es\u00a0una apasionada de la moda y la decoraci\u00f3n y, con miles de seguidores en las redes sociales, crea tendencia.<\/p>\n<p>Macarena vive en Valencia, en un\u00a0bonito d\u00faplex invertido, remodelado \u00edntegramente. \u00bfQuieres conocerlo? Sigue leyendo y descubre cada uno de los rincones de su\u00a0maravillosa casa\u00a0de <strong><a href=\"https:\/\/www.fotocasa.es\/fotocasa-life\/decoracion\/estilo-nordico-practicidad-y-belleza\/\">estilo n\u00f3rdico<\/a><\/strong>&#8230;<\/p>\n<p>&nbsp;<\/p>\n<p><\/p>\n<div id=\"attachment_6684\" style=\"width: 686px\" class=\"wp-caption aligncenter\"><img loading=\"lazy\" decoding=\"async\" aria-describedby=\"caption-attachment-6684\" class=\"size-full wp-image-6684\" src=\"https:\/\/www.fotocasa.es\/fotocasa-life\/wp-content\/uploads\/2015\/05\/Macarena4.jpg\" alt=\"recibidor\" width=\"676\" height=\"376\" title=\"-\" srcset=\"https:\/\/www.fotocasa.es\/fotocasa-life\/wp-content\/uploads\/2015\/05\/Macarena4.jpg 676w, https:\/\/www.fotocasa.es\/fotocasa-life\/wp-content\/uploads\/2015\/05\/Macarena4-300x167.jpg 300w, https:\/\/www.fotocasa.es\/fotocasa-life\/wp-content\/uploads\/2015\/05\/Macarena4-150x83.jpg 150w\" sizes=\"auto, (max-width: 676px) 100vw, 676px\" \/><p id=\"caption-attachment-6684\" class=\"wp-caption-text\">Foto: Macarena Gea<\/p><\/div>\n<p><\/p>\n<div id=\"attachment_6709\" style=\"width: 686px\" class=\"wp-caption aligncenter\"><img loading=\"lazy\" decoding=\"async\" aria-describedby=\"caption-attachment-6709\" class=\"size-full wp-image-6709\" src=\"https:\/\/www.fotocasa.es\/fotocasa-life\/wp-content\/uploads\/2015\/05\/Macarena30-e1431295865704.jpg\" alt=\"escaleras\" width=\"676\" height=\"1018\" title=\"-\" srcset=\"https:\/\/www.fotocasa.es\/fotocasa-life\/wp-content\/uploads\/2015\/05\/Macarena30-e1431295865704.jpg 676w, https:\/\/www.fotocasa.es\/fotocasa-life\/wp-content\/uploads\/2015\/05\/Macarena30-e1431295865704-199x300.jpg 199w, https:\/\/www.fotocasa.es\/fotocasa-life\/wp-content\/uploads\/2015\/05\/Macarena30-e1431295865704-100x150.jpg 100w\" sizes=\"auto, (max-width: 676px) 100vw, 676px\" \/><p id=\"caption-attachment-6709\" class=\"wp-caption-text\">Foto: Macarena Gea<\/p><\/div>\n<p><\/p>\n<div id=\"attachment_6710\" style=\"width: 686px\" class=\"wp-caption aligncenter\"><img loading=\"lazy\" decoding=\"async\" aria-describedby=\"caption-attachment-6710\" class=\"size-full wp-image-6710\" src=\"https:\/\/www.fotocasa.es\/fotocasa-life\/wp-content\/uploads\/2015\/05\/Macarena31.jpg\" alt=\"escaleras\" width=\"676\" height=\"376\" title=\"-\" srcset=\"https:\/\/www.fotocasa.es\/fotocasa-life\/wp-content\/uploads\/2015\/05\/Macarena31.jpg 676w, https:\/\/www.fotocasa.es\/fotocasa-life\/wp-content\/uploads\/2015\/05\/Macarena31-300x167.jpg 300w, https:\/\/www.fotocasa.es\/fotocasa-life\/wp-content\/uploads\/2015\/05\/Macarena31-150x83.jpg 150w\" sizes=\"auto, (max-width: 676px) 100vw, 676px\" \/><p id=\"caption-attachment-6710\" class=\"wp-caption-text\">Foto: Macarena Gea<\/p><\/div>\n<p>&nbsp;<\/p>\n<p>En la planta superior se encuentra la zona de d\u00eda, un espacio di\u00e1fano que ocupan el sal\u00f3n, el comedor y la cocina.<\/p>\n<p><\/p>\n<div id=\"attachment_6699\" style=\"width: 686px\" class=\"wp-caption aligncenter\"><img loading=\"lazy\" decoding=\"async\" aria-describedby=\"caption-attachment-6699\" class=\"size-full wp-image-6699\" src=\"https:\/\/www.fotocasa.es\/fotocasa-life\/wp-content\/uploads\/2015\/05\/Macarena19.jpg\" alt=\"salon\" width=\"676\" height=\"376\" title=\"-\" srcset=\"https:\/\/www.fotocasa.es\/fotocasa-life\/wp-content\/uploads\/2015\/05\/Macarena19.jpg 676w, https:\/\/www.fotocasa.es\/fotocasa-life\/wp-content\/uploads\/2015\/05\/Macarena19-300x167.jpg 300w, https:\/\/www.fotocasa.es\/fotocasa-life\/wp-content\/uploads\/2015\/05\/Macarena19-150x83.jpg 150w\" sizes=\"auto, (max-width: 676px) 100vw, 676px\" \/><p id=\"caption-attachment-6699\" class=\"wp-caption-text\">Foto: Macarena Gea<\/p><\/div>\n<p><\/p>\n<div id=\"attachment_6700\" style=\"width: 686px\" class=\"wp-caption aligncenter\"><img loading=\"lazy\" decoding=\"async\" aria-describedby=\"caption-attachment-6700\" class=\"size-full wp-image-6700\" src=\"https:\/\/www.fotocasa.es\/fotocasa-life\/wp-content\/uploads\/2015\/05\/Macarena20.jpg\" alt=\"salon\" width=\"676\" height=\"376\" title=\"-\" srcset=\"https:\/\/www.fotocasa.es\/fotocasa-life\/wp-content\/uploads\/2015\/05\/Macarena20.jpg 676w, https:\/\/www.fotocasa.es\/fotocasa-life\/wp-content\/uploads\/2015\/05\/Macarena20-300x167.jpg 300w, https:\/\/www.fotocasa.es\/fotocasa-life\/wp-content\/uploads\/2015\/05\/Macarena20-150x83.jpg 150w\" sizes=\"auto, (max-width: 676px) 100vw, 676px\" \/><p id=\"caption-attachment-6700\" class=\"wp-caption-text\">Foto: Macarena Gea<\/p><\/div>\n<p><\/p>\n<div id=\"attachment_6701\" style=\"width: 686px\" class=\"wp-caption aligncenter\"><img loading=\"lazy\" decoding=\"async\" aria-describedby=\"caption-attachment-6701\" class=\"size-full wp-image-6701\" src=\"https:\/\/www.fotocasa.es\/fotocasa-life\/wp-content\/uploads\/2015\/05\/Macarena21-e1431295918122.jpg\" alt=\"salon\" width=\"676\" height=\"1018\" title=\"-\" srcset=\"https:\/\/www.fotocasa.es\/fotocasa-life\/wp-content\/uploads\/2015\/05\/Macarena21-e1431295918122.jpg 676w, https:\/\/www.fotocasa.es\/fotocasa-life\/wp-content\/uploads\/2015\/05\/Macarena21-e1431295918122-199x300.jpg 199w, https:\/\/www.fotocasa.es\/fotocasa-life\/wp-content\/uploads\/2015\/05\/Macarena21-e1431295918122-100x150.jpg 100w\" sizes=\"auto, (max-width: 676px) 100vw, 676px\" \/><p id=\"caption-attachment-6701\" class=\"wp-caption-text\">Foto: Macarena Gea<\/p><\/div>\n<p>&nbsp;<\/p>\n<p>La combinaci\u00f3n los tonos blancos, tierra y grises, el uso de materiales como la madera\u00a0y el tratamiento de la luz natural, que inunda todas las estancias de la casa, proporcionan una sensaci\u00f3n c\u00e1lida y acogedora.<\/p>\n<p><\/p>\n<div id=\"attachment_6698\" style=\"width: 686px\" class=\"wp-caption aligncenter\"><img loading=\"lazy\" decoding=\"async\" aria-describedby=\"caption-attachment-6698\" class=\"size-full wp-image-6698\" src=\"https:\/\/www.fotocasa.es\/fotocasa-life\/wp-content\/uploads\/2015\/05\/Macarena18.jpg\" alt=\"salon\" width=\"676\" height=\"376\" title=\"-\" srcset=\"https:\/\/www.fotocasa.es\/fotocasa-life\/wp-content\/uploads\/2015\/05\/Macarena18.jpg 676w, https:\/\/www.fotocasa.es\/fotocasa-life\/wp-content\/uploads\/2015\/05\/Macarena18-300x167.jpg 300w, https:\/\/www.fotocasa.es\/fotocasa-life\/wp-content\/uploads\/2015\/05\/Macarena18-150x83.jpg 150w\" sizes=\"auto, (max-width: 676px) 100vw, 676px\" \/><p id=\"caption-attachment-6698\" class=\"wp-caption-text\">Foto: Macarena Gea<\/p><\/div>\n<p><\/p>\n<div id=\"attachment_6702\" style=\"width: 686px\" class=\"wp-caption aligncenter\"><img loading=\"lazy\" decoding=\"async\" aria-describedby=\"caption-attachment-6702\" class=\"size-full wp-image-6702\" src=\"https:\/\/www.fotocasa.es\/fotocasa-life\/wp-content\/uploads\/2015\/05\/Macarena23.jpg\" alt=\"salon\" width=\"676\" height=\"376\" title=\"-\" srcset=\"https:\/\/www.fotocasa.es\/fotocasa-life\/wp-content\/uploads\/2015\/05\/Macarena23.jpg 676w, https:\/\/www.fotocasa.es\/fotocasa-life\/wp-content\/uploads\/2015\/05\/Macarena23-300x167.jpg 300w, https:\/\/www.fotocasa.es\/fotocasa-life\/wp-content\/uploads\/2015\/05\/Macarena23-150x83.jpg 150w\" sizes=\"auto, (max-width: 676px) 100vw, 676px\" \/><p id=\"caption-attachment-6702\" class=\"wp-caption-text\">Foto: Macarena Gea<\/p><\/div>\n<p><\/p>\n<div id=\"attachment_6703\" style=\"width: 686px\" class=\"wp-caption aligncenter\"><img loading=\"lazy\" decoding=\"async\" aria-describedby=\"caption-attachment-6703\" class=\"size-full wp-image-6703\" src=\"https:\/\/www.fotocasa.es\/fotocasa-life\/wp-content\/uploads\/2015\/05\/Macarena24.jpg\" alt=\"cocina\" width=\"676\" height=\"376\" title=\"-\" srcset=\"https:\/\/www.fotocasa.es\/fotocasa-life\/wp-content\/uploads\/2015\/05\/Macarena24.jpg 676w, https:\/\/www.fotocasa.es\/fotocasa-life\/wp-content\/uploads\/2015\/05\/Macarena24-300x167.jpg 300w, https:\/\/www.fotocasa.es\/fotocasa-life\/wp-content\/uploads\/2015\/05\/Macarena24-150x83.jpg 150w\" sizes=\"auto, (max-width: 676px) 100vw, 676px\" \/><p id=\"caption-attachment-6703\" class=\"wp-caption-text\">Foto: Macarena Gea<\/p><\/div>\n<p>&nbsp;<\/p>\n<p>Como se puede ver, Macarena ha sabido combinar\u00a0a la perfecci\u00f3n el estilo n\u00f3rdico con algunos elementos vintage, logrando\u00a0que los espacios desprendan belleza sin dejar de lado la funcionalidad.<\/p>\n<p><\/p>\n<div id=\"attachment_6704\" style=\"width: 686px\" class=\"wp-caption aligncenter\"><img loading=\"lazy\" decoding=\"async\" aria-describedby=\"caption-attachment-6704\" class=\"size-full wp-image-6704\" src=\"https:\/\/www.fotocasa.es\/fotocasa-life\/wp-content\/uploads\/2015\/05\/Macarena25-e1431295893866.jpg\" alt=\"cocina\" width=\"676\" height=\"1018\" title=\"-\" srcset=\"https:\/\/www.fotocasa.es\/fotocasa-life\/wp-content\/uploads\/2015\/05\/Macarena25-e1431295893866.jpg 676w, https:\/\/www.fotocasa.es\/fotocasa-life\/wp-content\/uploads\/2015\/05\/Macarena25-e1431295893866-199x300.jpg 199w, https:\/\/www.fotocasa.es\/fotocasa-life\/wp-content\/uploads\/2015\/05\/Macarena25-e1431295893866-100x150.jpg 100w\" sizes=\"auto, (max-width: 676px) 100vw, 676px\" \/><p id=\"caption-attachment-6704\" class=\"wp-caption-text\">Foto: Macarena Gea<\/p><\/div>\n<p><\/p>\n<div id=\"attachment_6705\" style=\"width: 686px\" class=\"wp-caption aligncenter\"><img loading=\"lazy\" decoding=\"async\" aria-describedby=\"caption-attachment-6705\" class=\"size-full wp-image-6705\" src=\"https:\/\/www.fotocasa.es\/fotocasa-life\/wp-content\/uploads\/2015\/05\/Macarena26.jpg\" alt=\"cocina\" width=\"676\" height=\"376\" title=\"-\" srcset=\"https:\/\/www.fotocasa.es\/fotocasa-life\/wp-content\/uploads\/2015\/05\/Macarena26.jpg 676w, https:\/\/www.fotocasa.es\/fotocasa-life\/wp-content\/uploads\/2015\/05\/Macarena26-300x167.jpg 300w, https:\/\/www.fotocasa.es\/fotocasa-life\/wp-content\/uploads\/2015\/05\/Macarena26-150x83.jpg 150w\" sizes=\"auto, (max-width: 676px) 100vw, 676px\" \/><p id=\"caption-attachment-6705\" class=\"wp-caption-text\">Foto: Macarena Gea<\/p><\/div>\n<p>&nbsp;<\/p>\n<p>En el piso de abajo se encuentran las zonas m\u00e1s \u00edntimas de la casa: las habitaciones y el\u00a0espacio de trabajo.<\/p>\n<p><\/p>\n<div id=\"attachment_6685\" style=\"width: 686px\" class=\"wp-caption aligncenter\"><img loading=\"lazy\" decoding=\"async\" aria-describedby=\"caption-attachment-6685\" class=\"size-full wp-image-6685\" src=\"https:\/\/www.fotocasa.es\/fotocasa-life\/wp-content\/uploads\/2015\/05\/Macarena5.jpg\" alt=\"dormitorio\" width=\"676\" height=\"376\" title=\"-\" srcset=\"https:\/\/www.fotocasa.es\/fotocasa-life\/wp-content\/uploads\/2015\/05\/Macarena5.jpg 676w, https:\/\/www.fotocasa.es\/fotocasa-life\/wp-content\/uploads\/2015\/05\/Macarena5-300x167.jpg 300w, https:\/\/www.fotocasa.es\/fotocasa-life\/wp-content\/uploads\/2015\/05\/Macarena5-150x83.jpg 150w\" sizes=\"auto, (max-width: 676px) 100vw, 676px\" \/><p id=\"caption-attachment-6685\" class=\"wp-caption-text\">Foto: Macarena Gea<\/p><\/div>\n<p><\/p>\n<div id=\"attachment_6686\" style=\"width: 686px\" class=\"wp-caption aligncenter\"><img loading=\"lazy\" decoding=\"async\" aria-describedby=\"caption-attachment-6686\" class=\"size-full wp-image-6686\" src=\"https:\/\/www.fotocasa.es\/fotocasa-life\/wp-content\/uploads\/2015\/05\/Macarena6.jpg\" alt=\"dormitorio\" width=\"676\" height=\"376\" title=\"-\" srcset=\"https:\/\/www.fotocasa.es\/fotocasa-life\/wp-content\/uploads\/2015\/05\/Macarena6.jpg 676w, https:\/\/www.fotocasa.es\/fotocasa-life\/wp-content\/uploads\/2015\/05\/Macarena6-300x167.jpg 300w, https:\/\/www.fotocasa.es\/fotocasa-life\/wp-content\/uploads\/2015\/05\/Macarena6-150x83.jpg 150w\" sizes=\"auto, (max-width: 676px) 100vw, 676px\" \/><p id=\"caption-attachment-6686\" class=\"wp-caption-text\">Foto: Macarena Gea<\/p><\/div>\n<p><\/p>\n<div id=\"attachment_6697\" style=\"width: 686px\" class=\"wp-caption aligncenter\"><img loading=\"lazy\" decoding=\"async\" aria-describedby=\"caption-attachment-6697\" class=\"size-full wp-image-6697\" src=\"https:\/\/www.fotocasa.es\/fotocasa-life\/wp-content\/uploads\/2015\/05\/Macarena17-e1431295953180.jpg\" alt=\"ba\u00f1o\" width=\"676\" height=\"898\" title=\"-\" srcset=\"https:\/\/www.fotocasa.es\/fotocasa-life\/wp-content\/uploads\/2015\/05\/Macarena17-e1431295953180.jpg 676w, https:\/\/www.fotocasa.es\/fotocasa-life\/wp-content\/uploads\/2015\/05\/Macarena17-e1431295953180-226x300.jpg 226w, https:\/\/www.fotocasa.es\/fotocasa-life\/wp-content\/uploads\/2015\/05\/Macarena17-e1431295953180-113x150.jpg 113w\" sizes=\"auto, (max-width: 676px) 100vw, 676px\" \/><p id=\"caption-attachment-6697\" class=\"wp-caption-text\">Foto: Macarena Gea<\/p><\/div>\n<p><\/p>\n<div id=\"attachment_6696\" style=\"width: 686px\" class=\"wp-caption aligncenter\"><img loading=\"lazy\" decoding=\"async\" aria-describedby=\"caption-attachment-6696\" class=\"size-full wp-image-6696\" src=\"https:\/\/www.fotocasa.es\/fotocasa-life\/wp-content\/uploads\/2015\/05\/Macarena16.jpg\" alt=\"ba\u00f1o\" width=\"676\" height=\"376\" title=\"-\" srcset=\"https:\/\/www.fotocasa.es\/fotocasa-life\/wp-content\/uploads\/2015\/05\/Macarena16.jpg 676w, https:\/\/www.fotocasa.es\/fotocasa-life\/wp-content\/uploads\/2015\/05\/Macarena16-300x167.jpg 300w, https:\/\/www.fotocasa.es\/fotocasa-life\/wp-content\/uploads\/2015\/05\/Macarena16-150x83.jpg 150w\" sizes=\"auto, (max-width: 676px) 100vw, 676px\" \/><p id=\"caption-attachment-6696\" class=\"wp-caption-text\">Foto: Macarena Gea<\/p><\/div>\n<p><\/p>\n<div id=\"attachment_6708\" style=\"width: 686px\" class=\"wp-caption aligncenter\"><img loading=\"lazy\" decoding=\"async\" aria-describedby=\"caption-attachment-6708\" class=\"size-full wp-image-6708\" src=\"https:\/\/www.fotocasa.es\/fotocasa-life\/wp-content\/uploads\/2015\/05\/Macarena29.jpg\" alt=\"ba\u00f1o\" width=\"676\" height=\"376\" title=\"-\" srcset=\"https:\/\/www.fotocasa.es\/fotocasa-life\/wp-content\/uploads\/2015\/05\/Macarena29.jpg 676w, https:\/\/www.fotocasa.es\/fotocasa-life\/wp-content\/uploads\/2015\/05\/Macarena29-300x167.jpg 300w, https:\/\/www.fotocasa.es\/fotocasa-life\/wp-content\/uploads\/2015\/05\/Macarena29-150x83.jpg 150w\" sizes=\"auto, (max-width: 676px) 100vw, 676px\" \/><p id=\"caption-attachment-6708\" class=\"wp-caption-text\">Foto: Macarena Gea<\/p><\/div>\n<p><\/p>\n<div id=\"attachment_6707\" style=\"width: 686px\" class=\"wp-caption aligncenter\"><img loading=\"lazy\" decoding=\"async\" aria-describedby=\"caption-attachment-6707\" class=\"size-full wp-image-6707\" src=\"https:\/\/www.fotocasa.es\/fotocasa-life\/wp-content\/uploads\/2015\/05\/Macarena28-e1431295878439.jpg\" alt=\"ba\u00f1o\" width=\"676\" height=\"907\" title=\"-\" srcset=\"https:\/\/www.fotocasa.es\/fotocasa-life\/wp-content\/uploads\/2015\/05\/Macarena28-e1431295878439.jpg 676w, https:\/\/www.fotocasa.es\/fotocasa-life\/wp-content\/uploads\/2015\/05\/Macarena28-e1431295878439-224x300.jpg 224w, https:\/\/www.fotocasa.es\/fotocasa-life\/wp-content\/uploads\/2015\/05\/Macarena28-e1431295878439-112x150.jpg 112w\" sizes=\"auto, (max-width: 676px) 100vw, 676px\" \/><p id=\"caption-attachment-6707\" class=\"wp-caption-text\">Foto: Macarena Gea<\/p><\/div>\n<p><\/p>\n<div id=\"attachment_6683\" style=\"width: 686px\" class=\"wp-caption aligncenter\"><img loading=\"lazy\" decoding=\"async\" aria-describedby=\"caption-attachment-6683\" class=\"size-full wp-image-6683\" src=\"https:\/\/www.fotocasa.es\/fotocasa-life\/wp-content\/uploads\/2015\/05\/Macarena3.jpg\" alt=\"estudio\" width=\"676\" height=\"376\" title=\"-\" srcset=\"https:\/\/www.fotocasa.es\/fotocasa-life\/wp-content\/uploads\/2015\/05\/Macarena3.jpg 676w, https:\/\/www.fotocasa.es\/fotocasa-life\/wp-content\/uploads\/2015\/05\/Macarena3-300x167.jpg 300w, https:\/\/www.fotocasa.es\/fotocasa-life\/wp-content\/uploads\/2015\/05\/Macarena3-150x83.jpg 150w\" sizes=\"auto, (max-width: 676px) 100vw, 676px\" \/><p id=\"caption-attachment-6683\" class=\"wp-caption-text\">Foto: Macarena Gea<\/p><\/div>\n<p>&nbsp;<\/p>\n<p>Una de las estancias m\u00e1s bonitas de la vivienda\u00a0es la habitaci\u00f3n de Mateo, que destaca por la combinaci\u00f3n de tonos blancos, negros, grises y mint. Todo un acierto.<\/p>\n<p><\/p>\n<div id=\"attachment_6711\" style=\"width: 686px\" class=\"wp-caption aligncenter\"><img loading=\"lazy\" decoding=\"async\" aria-describedby=\"caption-attachment-6711\" class=\"size-full wp-image-6711\" src=\"https:\/\/www.fotocasa.es\/fotocasa-life\/wp-content\/uploads\/2015\/05\/Macarena32.jpg\" alt=\"habitacion infantil\" width=\"676\" height=\"376\" title=\"-\" srcset=\"https:\/\/www.fotocasa.es\/fotocasa-life\/wp-content\/uploads\/2015\/05\/Macarena32.jpg 676w, https:\/\/www.fotocasa.es\/fotocasa-life\/wp-content\/uploads\/2015\/05\/Macarena32-300x167.jpg 300w, https:\/\/www.fotocasa.es\/fotocasa-life\/wp-content\/uploads\/2015\/05\/Macarena32-150x83.jpg 150w\" sizes=\"auto, (max-width: 676px) 100vw, 676px\" \/><p id=\"caption-attachment-6711\" class=\"wp-caption-text\">Foto: Macarena Gea<\/p><\/div>\n<p><\/p>\n<div id=\"attachment_6692\" style=\"width: 686px\" class=\"wp-caption aligncenter\"><img loading=\"lazy\" decoding=\"async\" aria-describedby=\"caption-attachment-6692\" class=\"size-full wp-image-6692\" src=\"https:\/\/www.fotocasa.es\/fotocasa-life\/wp-content\/uploads\/2015\/05\/Macarena12-e1431295992373.jpg\" alt=\"habitacion infantil\" width=\"676\" height=\"980\" title=\"-\" srcset=\"https:\/\/www.fotocasa.es\/fotocasa-life\/wp-content\/uploads\/2015\/05\/Macarena12-e1431295992373.jpg 676w, https:\/\/www.fotocasa.es\/fotocasa-life\/wp-content\/uploads\/2015\/05\/Macarena12-e1431295992373-207x300.jpg 207w, https:\/\/www.fotocasa.es\/fotocasa-life\/wp-content\/uploads\/2015\/05\/Macarena12-e1431295992373-103x150.jpg 103w\" sizes=\"auto, (max-width: 676px) 100vw, 676px\" \/><p id=\"caption-attachment-6692\" class=\"wp-caption-text\">Foto: Macarena Gea<\/p><\/div>\n<p><\/p>\n<div id=\"attachment_6687\" style=\"width: 686px\" class=\"wp-caption aligncenter\"><img loading=\"lazy\" decoding=\"async\" aria-describedby=\"caption-attachment-6687\" class=\"size-full wp-image-6687\" src=\"https:\/\/www.fotocasa.es\/fotocasa-life\/wp-content\/uploads\/2015\/05\/Macarena7-e1431296043493.jpg\" alt=\"habitacion infantil\" width=\"676\" height=\"1018\" title=\"-\" srcset=\"https:\/\/www.fotocasa.es\/fotocasa-life\/wp-content\/uploads\/2015\/05\/Macarena7-e1431296043493.jpg 676w, https:\/\/www.fotocasa.es\/fotocasa-life\/wp-content\/uploads\/2015\/05\/Macarena7-e1431296043493-199x300.jpg 199w, https:\/\/www.fotocasa.es\/fotocasa-life\/wp-content\/uploads\/2015\/05\/Macarena7-e1431296043493-100x150.jpg 100w\" sizes=\"auto, (max-width: 676px) 100vw, 676px\" \/><p id=\"caption-attachment-6687\" class=\"wp-caption-text\">Foto: Macarena Gea<\/p><\/div>\n<p><\/p>\n<div id=\"attachment_6689\" style=\"width: 686px\" class=\"wp-caption aligncenter\"><img loading=\"lazy\" decoding=\"async\" aria-describedby=\"caption-attachment-6689\" class=\"size-full wp-image-6689\" src=\"https:\/\/www.fotocasa.es\/fotocasa-life\/wp-content\/uploads\/2015\/05\/Macarena9-e1431296016546.jpg\" alt=\"habitacion infantil\" width=\"676\" height=\"1018\" title=\"-\" srcset=\"https:\/\/www.fotocasa.es\/fotocasa-life\/wp-content\/uploads\/2015\/05\/Macarena9-e1431296016546.jpg 676w, https:\/\/www.fotocasa.es\/fotocasa-life\/wp-content\/uploads\/2015\/05\/Macarena9-e1431296016546-199x300.jpg 199w, https:\/\/www.fotocasa.es\/fotocasa-life\/wp-content\/uploads\/2015\/05\/Macarena9-e1431296016546-100x150.jpg 100w\" sizes=\"auto, (max-width: 676px) 100vw, 676px\" \/><p id=\"caption-attachment-6689\" class=\"wp-caption-text\">Foto: Macarena Gea<\/p><\/div>\n<p><\/p>\n<div id=\"attachment_6688\" style=\"width: 686px\" class=\"wp-caption aligncenter\"><img loading=\"lazy\" decoding=\"async\" aria-describedby=\"caption-attachment-6688\" class=\"size-full wp-image-6688\" src=\"https:\/\/www.fotocasa.es\/fotocasa-life\/wp-content\/uploads\/2015\/05\/Macarena8-e1431296032596.jpg\" alt=\"habitacion infantil\" width=\"676\" height=\"1018\" title=\"-\" srcset=\"https:\/\/www.fotocasa.es\/fotocasa-life\/wp-content\/uploads\/2015\/05\/Macarena8-e1431296032596.jpg 676w, https:\/\/www.fotocasa.es\/fotocasa-life\/wp-content\/uploads\/2015\/05\/Macarena8-e1431296032596-199x300.jpg 199w, https:\/\/www.fotocasa.es\/fotocasa-life\/wp-content\/uploads\/2015\/05\/Macarena8-e1431296032596-100x150.jpg 100w\" sizes=\"auto, (max-width: 676px) 100vw, 676px\" \/><p id=\"caption-attachment-6688\" class=\"wp-caption-text\">Foto: Macarena Gea<\/p><\/div>\n<p><\/p>\n<div id=\"attachment_6694\" style=\"width: 686px\" class=\"wp-caption aligncenter\"><img loading=\"lazy\" decoding=\"async\" aria-describedby=\"caption-attachment-6694\" class=\"size-full wp-image-6694\" src=\"https:\/\/www.fotocasa.es\/fotocasa-life\/wp-content\/uploads\/2015\/05\/Macarena14-e1431295968233.jpg\" alt=\"habitacion infantil\" width=\"676\" height=\"856\" title=\"-\" srcset=\"https:\/\/www.fotocasa.es\/fotocasa-life\/wp-content\/uploads\/2015\/05\/Macarena14-e1431295968233.jpg 676w, https:\/\/www.fotocasa.es\/fotocasa-life\/wp-content\/uploads\/2015\/05\/Macarena14-e1431295968233-237x300.jpg 237w, https:\/\/www.fotocasa.es\/fotocasa-life\/wp-content\/uploads\/2015\/05\/Macarena14-e1431295968233-118x150.jpg 118w\" sizes=\"auto, (max-width: 676px) 100vw, 676px\" \/><p id=\"caption-attachment-6694\" class=\"wp-caption-text\">Foto: Macarena Gea<\/p><\/div>\n<p><\/p>\n<div id=\"attachment_6693\" style=\"width: 686px\" class=\"wp-caption aligncenter\"><img loading=\"lazy\" decoding=\"async\" aria-describedby=\"caption-attachment-6693\" class=\"size-full wp-image-6693\" src=\"https:\/\/www.fotocasa.es\/fotocasa-life\/wp-content\/uploads\/2015\/05\/Macarena13.jpg\" alt=\"habitacion infantil\" width=\"676\" height=\"376\" title=\"-\" srcset=\"https:\/\/www.fotocasa.es\/fotocasa-life\/wp-content\/uploads\/2015\/05\/Macarena13.jpg 676w, https:\/\/www.fotocasa.es\/fotocasa-life\/wp-content\/uploads\/2015\/05\/Macarena13-300x167.jpg 300w, https:\/\/www.fotocasa.es\/fotocasa-life\/wp-content\/uploads\/2015\/05\/Macarena13-150x83.jpg 150w\" sizes=\"auto, (max-width: 676px) 100vw, 676px\" \/><p id=\"caption-attachment-6693\" class=\"wp-caption-text\">Foto: Macarena Gea<\/p><\/div>\n<p>&nbsp;<\/p>\n<p>Descubre m\u00e1s\u00a0en su <strong>blog<\/strong> o en su <strong>Instagram<\/strong>&#8230;<\/p>\n<p><\/p>\n","protected":false},"excerpt":{"rendered":"<p>Arquitecta, interiorista y organizadora de bodas y eventos, Macarena Gea\u00a0es una de las bloggers m\u00e1s influyentes\u00a0de nuestro pa\u00eds. Casada y madre de un beb\u00e9 de\u00a0casi un a\u00f1o,\u00a0es\u00a0una apasionada de la moda y la decoraci\u00f3n y, con miles de seguidores en las redes sociales, crea tendencia. Macarena vive en Valencia, en un\u00a0bonito d\u00faplex invertido, remodelado \u00edntegramente&#8230;.<\/p>\n","protected":false},"author":3,"featured_media":6724,"comment_status":"open","ping_status":"open","sticky":false,"template":"","format":"standard","meta":{"_lmt_disableupdate":"yes","_lmt_disable":"","footnotes":""},"categories":[4],"tags":[1660,1659,75,1670,1656,161,1661],"class_list":["post-6679","post","type-post","status-publish","format-standard","has-post-thumbnail","hentry","category-decoracion","tag-casas-bonitas","tag-casas-de-bloggers","tag-consejos","tag-de-visita-en-casa-de","tag-duplex","tag-interiorismo","tag-tour-virtual"],"modified_by":"Agustina Battioli","_links":{"self":[{"href":"https:\/\/www.fotocasa.es\/fotocasa-life\/wp-json\/wp\/v2\/posts\/6679","targetHints":{"allow":["GET"]}}],"collection":[{"href":"https:\/\/www.fotocasa.es\/fotocasa-life\/wp-json\/wp\/v2\/posts"}],"about":[{"href":"https:\/\/www.fotocasa.es\/fotocasa-life\/wp-json\/wp\/v2\/types\/post"}],"author":[{"embeddable":true,"href":"https:\/\/www.fotocasa.es\/fotocasa-life\/wp-json\/wp\/v2\/users\/3"}],"replies":[{"embeddable":true,"href":"https:\/\/www.fotocasa.es\/fotocasa-life\/wp-json\/wp\/v2\/comments?post=6679"}],"version-history":[{"count":0,"href":"https:\/\/www.fotocasa.es\/fotocasa-life\/wp-json\/wp\/v2\/posts\/6679\/revisions"}],"wp:featuredmedia":[{"embeddable":true,"href":"https:\/\/www.fotocasa.es\/fotocasa-life\/wp-json\/wp\/v2\/media\/6724"}],"wp:attachment":[{"href":"https:\/\/www.fotocasa.es\/fotocasa-life\/wp-json\/wp\/v2\/media?parent=6679"}],"wp:term":[{"taxonomy":"category","embeddable":true,"href":"https:\/\/www.fotocasa.es\/fotocasa-life\/wp-json\/wp\/v2\/categories?post=6679"},{"taxonomy":"post_tag","embeddable":true,"href":"https:\/\/www.fotocasa.es\/fotocasa-life\/wp-json\/wp\/v2\/tags?post=6679"}],"curies":[{"name":"wp","href":"https:\/\/api.w.org\/{rel}","templated":true}]}}