{"id":6667,"date":"2015-05-08T22:35:07","date_gmt":"2015-05-08T20:35:07","guid":{"rendered":"https:\/\/www.fotocasa.es\/fotocasa-life\/?p=6667"},"modified":"2020-11-27T11:30:33","modified_gmt":"2020-11-27T10:30:33","slug":"sociedad-de-tasacion-propone-facilitar-la-concesion-de-hipotecas-para-destinarlas-al-alquiler-de-jovenes","status":"publish","type":"post","link":"https:\/\/www.fotocasa.es\/fotocasa-life\/hipotecas-finanzas\/sociedad-de-tasacion-propone-facilitar-la-concesion-de-hipotecas-para-destinarlas-al-alquiler-de-jovenes\/","title":{"rendered":"Sociedad de Tasaci\u00f3n propone facilitar la concesi\u00f3n de hipotecas para destinarlas al alquiler de j\u00f3venes"},"content":{"rendered":"<p>El director general de <strong><a href=\"https:\/\/www.st-tasacion.es\/\" target=\"_blank\" rel=\"noopener noreferrer\">Sociedad de Tasaci\u00f3n<\/a><\/strong> (ST), Juan Fern\u00e1nez-Aceytuno, ha propuesto que las entidades financieras concedan hipotecas para alquiler con el fin de facilitar el acceso a la vivienda de los j\u00f3venes.<\/p>\n<p>Durante su intervenci\u00f3n en la jornada Inmonext, en el marco del <strong>Sal\u00f3n Inmobiliario Internacional de Madrid<\/strong> (SIMA), Fern\u00e1ndez-Aceytuno se ha mostrado sorprendido con el hecho de que la banca no est\u00e9 optando por esta f\u00f3rmula.<\/p>\n<p>Para Fern\u00e1ndez-Aceytuno, se trata de un problema de demanda: los j\u00f3venes tienen \u00abmiedo\u00bb a comprar porque, en los \u00faltimos a\u00f1os, han visto muchas malas experiencias con <strong><a href=\"https:\/\/www.fotocasa.es\/fotocasa-life\/hipotecas-finanzas\/que-hacer-cuando-no-se-puede-pagar-la-hipoteca\/\">hipotecas dif\u00edciles de pagar<\/a><\/strong>.<\/p>\n<p>Adem\u00e1s, durante la crisis se ha reducido un 30% el sueldo medio que cobran los j\u00f3venes, con lo que la ca\u00edda del precio de la vivienda no es suficiente para que este colectivo pueda comprar.<\/p>\n<p>El director general de ST, ha se\u00f1alado que, pese a que actualmente hay m\u00e1s liquidez en los mercados, \u00abva a ser m\u00e1s caro dar financiaci\u00f3n\u00bb para comprar una vivienda, ante la aversi\u00f3n al riesgo que tambi\u00e9n impera. \u00abForma parte del peaje que tenemos que pagar\u00bb, ha sentenciado.<\/p>\n<p>&nbsp;<\/p>\n","protected":false},"excerpt":{"rendered":"<p>El director general de Sociedad de Tasaci\u00f3n (ST), Juan Fern\u00e1nez-Aceytuno, ha propuesto que las entidades financieras concedan hipotecas para alquiler con el fin de facilitar el acceso a la vivienda de los j\u00f3venes. Durante su intervenci\u00f3n en la jornada Inmonext, en el marco del Sal\u00f3n Inmobiliario Internacional de Madrid (SIMA), Fern\u00e1ndez-Aceytuno se ha mostrado sorprendido&#8230;<\/p>\n","protected":false},"author":3,"featured_media":6669,"comment_status":"open","ping_status":"open","sticky":false,"template":"","format":"standard","meta":{"_lmt_disableupdate":"yes","_lmt_disable":"","footnotes":""},"categories":[6],"tags":[427,1133,1862,1653,313,216,308],"class_list":["post-6667","post","type-post","status-publish","format-standard","has-post-thumbnail","hentry","category-hipotecas-finanzas","tag-alquiler-de-viviendas","tag-creditos-para-la-adquisicion-de-vivienda","tag-hipotecas","tag-hipotecas-para-jovenes","tag-jovenes-emancipados","tag-prestamos-hipotecarios","tag-sociedad-de-tasacion"],"modified_by":"Albert PC","_links":{"self":[{"href":"https:\/\/www.fotocasa.es\/fotocasa-life\/wp-json\/wp\/v2\/posts\/6667","targetHints":{"allow":["GET"]}}],"collection":[{"href":"https:\/\/www.fotocasa.es\/fotocasa-life\/wp-json\/wp\/v2\/posts"}],"about":[{"href":"https:\/\/www.fotocasa.es\/fotocasa-life\/wp-json\/wp\/v2\/types\/post"}],"author":[{"embeddable":true,"href":"https:\/\/www.fotocasa.es\/fotocasa-life\/wp-json\/wp\/v2\/users\/3"}],"replies":[{"embeddable":true,"href":"https:\/\/www.fotocasa.es\/fotocasa-life\/wp-json\/wp\/v2\/comments?post=6667"}],"version-history":[{"count":0,"href":"https:\/\/www.fotocasa.es\/fotocasa-life\/wp-json\/wp\/v2\/posts\/6667\/revisions"}],"wp:featuredmedia":[{"embeddable":true,"href":"https:\/\/www.fotocasa.es\/fotocasa-life\/wp-json\/wp\/v2\/media\/6669"}],"wp:attachment":[{"href":"https:\/\/www.fotocasa.es\/fotocasa-life\/wp-json\/wp\/v2\/media?parent=6667"}],"wp:term":[{"taxonomy":"category","embeddable":true,"href":"https:\/\/www.fotocasa.es\/fotocasa-life\/wp-json\/wp\/v2\/categories?post=6667"},{"taxonomy":"post_tag","embeddable":true,"href":"https:\/\/www.fotocasa.es\/fotocasa-life\/wp-json\/wp\/v2\/tags?post=6667"}],"curies":[{"name":"wp","href":"https:\/\/api.w.org\/{rel}","templated":true}]}}