{"id":66581,"date":"2021-11-30T11:30:58","date_gmt":"2021-11-30T10:30:58","guid":{"rendered":"https:\/\/www.fotocasa.es\/fotocasa-life\/?p=66581"},"modified":"2021-11-30T11:36:46","modified_gmt":"2021-11-30T10:36:46","slug":"ideas-para-reformar-la-cocina-y-que-se-convierta-en-el-centro-de-la-casa","status":"publish","type":"post","link":"https:\/\/www.fotocasa.es\/fotocasa-life\/hogar\/reformas\/ideas-para-reformar-la-cocina-y-que-se-convierta-en-el-centro-de-la-casa\/","title":{"rendered":"Ideas para reformar la cocina y que se convierta en el centro de la casa"},"content":{"rendered":"<p>Lejos quedan los d\u00edas en los que la cocina quedaba relegada a un segundo plano en las viviendas, exclusivamente utilizada para el almacenaje de los alimentos y la cocci\u00f3n. Hoy en d\u00eda la cocina vive su segunda juventud donde abundan los espacios abiertos y totalmente vers\u00e1tiles:<strong> las cocinas est\u00e1n ya muy integradas en el resto del hogar como todo un epicentro;<\/strong> de hecho una de las reformas m\u00e1s demandadas es la crear <a href=\"https:\/\/www.fotocasa.es\/fotocasa-life\/hogar\/reformas\/cocinas-abiertas-al-salon-ventajas-y-desventajas\/\"><strong>cocinas abiertas al sal\u00f3n<\/strong><\/a>. Esta integraci\u00f3n nos exige tener cocinas ordenadas y pr\u00e1cticas, visualmente agradables, para obtener el mayor confort y bienestar.<\/p>\n<p>Por lo tanto, <strong>debemos dar a nuestra cocina la prioridad que se merece,<\/strong> ya que a veces no es f\u00e1cil obtener ese confort y armon\u00eda. Por eso hoy queremos analizar algunas ideas para<strong> renovar y darle una nueva imagen a tu cocina<\/strong> y alcanzar el m\u00e1ximo bienestar en casa.<\/p>\n<h2>Distribuci\u00f3n y objetivos de la reforma<\/h2>\n<p>Antes de decantarnos por cualquier tipo de cambio o reforma, lo que <strong>deberemos tener claro es la distribuci\u00f3n y los objetivos que queremos conseguir.<\/strong> Por ejemplo, si queremos <strong><a href=\"https:\/\/www.fotocasa.es\/fotocasa-life\/hogar\/reformas\/se-puede-tirar-un-tabique-sin-licencia\/\">tirar alg\u00fan tabique<\/a> o eliminar alguna pared para integrar la cocina con el comedor o sal\u00f3n,<\/strong> renovar todo el mobiliario o hacerle un lavado de cara integral, las actuaciones cambiar\u00e1n sustancialmente.<\/p>\n<h2>Crear una cocina abierta para conectar estancias<\/h2>\n<p>Sigue siendo <strong><a href=\"https:\/\/www.fotocasa.es\/fotocasa-life\/hogar\/decoracion\/tendencias-en-decoracion-cocinas-que-marcaran-ano\/\">tendencia<\/a><\/strong>; se trata todav\u00eda de la acci\u00f3n m\u00e1s solicitada cuando se reforma la cocina. La incorporaci\u00f3n de la misma en la sala de estar permite <strong>disponer de un espacio di\u00e1fano y generar una sensaci\u00f3n m\u00e1s liviana y de mayor amplitud.<\/strong> Esta acci\u00f3n debe estar avalada con un peritaje y el debido permiso o <a href=\"https:\/\/www.fotocasa.es\/fotocasa-life\/hogar\/reformas\/para-que-necesitas-una-licencia-de-obra\/\"><strong>licencia de obras<\/strong><\/a>, para que no afecte a ning\u00fan muro de carga.<\/p>\n<p>La principal preocupaci\u00f3n al pensar en unir la cocina con el sal\u00f3n son los olores, un problema que se solventa de forma muy sencilla colocando una potente campana extractora.<\/p>\n<p style=\"text-align: center;\"><img loading=\"lazy\" decoding=\"async\" class=\"alignnone wp-image-66583 size-full\" title=\"cocina abierta al sal\u00f3n\" src=\"https:\/\/www.fotocasa.es\/fotocasa-life\/wp-content\/uploads\/2021\/11\/ideas-reforma-cocina.jpg\" alt=\"cocina abierta al sal\u00f3n\" width=\"880\" height=\"660\" srcset=\"https:\/\/www.fotocasa.es\/fotocasa-life\/wp-content\/uploads\/2021\/11\/ideas-reforma-cocina.jpg 880w, https:\/\/www.fotocasa.es\/fotocasa-life\/wp-content\/uploads\/2021\/11\/ideas-reforma-cocina-300x225.jpg 300w, https:\/\/www.fotocasa.es\/fotocasa-life\/wp-content\/uploads\/2021\/11\/ideas-reforma-cocina-150x113.jpg 150w, https:\/\/www.fotocasa.es\/fotocasa-life\/wp-content\/uploads\/2021\/11\/ideas-reforma-cocina-768x576.jpg 768w\" sizes=\"auto, (max-width: 880px) 100vw, 880px\" \/> <img loading=\"lazy\" decoding=\"async\" class=\"alignnone wp-image-66584 size-full\" title=\"cocina comedor\" src=\"https:\/\/www.fotocasa.es\/fotocasa-life\/wp-content\/uploads\/2021\/11\/ideas-reformar-cocina.jpg\" alt=\"cocina comedor\" width=\"880\" height=\"660\" srcset=\"https:\/\/www.fotocasa.es\/fotocasa-life\/wp-content\/uploads\/2021\/11\/ideas-reformar-cocina.jpg 880w, https:\/\/www.fotocasa.es\/fotocasa-life\/wp-content\/uploads\/2021\/11\/ideas-reformar-cocina-300x225.jpg 300w, https:\/\/www.fotocasa.es\/fotocasa-life\/wp-content\/uploads\/2021\/11\/ideas-reformar-cocina-150x113.jpg 150w, https:\/\/www.fotocasa.es\/fotocasa-life\/wp-content\/uploads\/2021\/11\/ideas-reformar-cocina-768x576.jpg 768w\" sizes=\"auto, (max-width: 880px) 100vw, 880px\" \/><\/p>\n<h2>Ecocina: ecolog\u00eda en la cocina, para apostar por la sostenibilidad<\/h2>\n<p><strong>La eficiencia energ\u00e9tica ya no es una opci\u00f3n: es una necesidad.<\/strong> Ya sea por la emergencia clim\u00e1tica, el bienestar personal o por un ahorro en las facturas. Los hogares, cada vez m\u00e1s, se deber\u00e1n adaptar a esta tendencia para <strong><a href=\"https:\/\/www.fotocasa.es\/fotocasa-life\/hogar\/energia\/como-ahorrar-energia-mediante-un-consumo-eficiente\/\">reducir el consumo de energ\u00eda mediante un consumo eficiente<\/a> y qu\u00e9 mejor para ello que renovar los electrodom\u00e9sticos de la cocina.<\/strong> Aquellos que tienen una clasificaci\u00f3n energ\u00e9tica de A o A + son m\u00e1s caros que el resto, pero su rentabilidad a largo plazo justifica su precio. \u00bfSab\u00edas que<strong> la vitrocer\u00e1mica o el frigor\u00edfico son los electrodom\u00e9sticos que m\u00e1s consumen<\/strong> en toda la casa? Renovarlos har\u00e1 que tu bolsillo se vea beneficiado.<\/p>\n<p>Adem\u00e1s, <strong>otra opci\u00f3n sostenible es la renovaci\u00f3n del fregadero y grifer\u00eda.<\/strong> Este cambio puede realizarse por motivos est\u00e9ticos, como por ejemplo con grifos lacados o mates, o fregaderos de m\u00e1rmol o cuarzo. Sin embargo, si nos decantamos por grifos que controlen el paso del agua, podremos reducir el consumo de agua si a\u00fan disponemos de un viejo grifo y le incorporamos un aireador.<\/p>\n<h2>La dom\u00f3tica tambi\u00e9n ha llegado a la cocina<\/h2>\n<p>Relacionado con el punto anterior,<strong> la tecnolog\u00eda ha llegado a nuestras vidas para quedarse y mejorar nuestro d\u00eda a d\u00eda.<\/strong> Disponer de apps m\u00f3viles que nos permitan manipular la temperatura de la vitrocer\u00e1mica, el estado del lavavajillas, la lavadora o controlar el frigor\u00edfico es un avance que hace a\u00f1os ten\u00edamos como impensable. <strong>Podr\u00edamos reducir hasta un 30% del consumo de la vitrocer\u00e1mica, el microondas o el lavavajillas con el uso de este tipo de tecnolog\u00eda.<\/strong> Y es que <a href=\"https:\/\/www.fotocasa.es\/fotocasa-life\/hogar\/ahorro-y-eficiencia-aumentan-gracias-a-la-domotica\/\"><strong>el ahorro y la eficiencia aumentan gracias a la dom\u00f3tica en las viviendas.<\/strong><\/a> Teniendo en cuenta que es la zona de la casa que m\u00e1s consume, es una cifra nada desde\u00f1able.<\/p>\n<p><img loading=\"lazy\" decoding=\"async\" class=\"aligncenter wp-image-66585 size-full\" title=\"cocinas eficientes\" src=\"https:\/\/www.fotocasa.es\/fotocasa-life\/wp-content\/uploads\/2021\/11\/reformar-cocina.jpg\" alt=\"cocinas eficientes\" width=\"880\" height=\"586\" srcset=\"https:\/\/www.fotocasa.es\/fotocasa-life\/wp-content\/uploads\/2021\/11\/reformar-cocina.jpg 880w, https:\/\/www.fotocasa.es\/fotocasa-life\/wp-content\/uploads\/2021\/11\/reformar-cocina-300x200.jpg 300w, https:\/\/www.fotocasa.es\/fotocasa-life\/wp-content\/uploads\/2021\/11\/reformar-cocina-150x100.jpg 150w, https:\/\/www.fotocasa.es\/fotocasa-life\/wp-content\/uploads\/2021\/11\/reformar-cocina-768x511.jpg 768w\" sizes=\"auto, (max-width: 880px) 100vw, 880px\" \/> <img loading=\"lazy\" decoding=\"async\" class=\"aligncenter wp-image-66586 size-full\" title=\"reformar cocina\" src=\"https:\/\/www.fotocasa.es\/fotocasa-life\/wp-content\/uploads\/2021\/11\/reforma-cocina.jpg\" alt=\"- - - -\" width=\"880\" height=\"586\" srcset=\"https:\/\/www.fotocasa.es\/fotocasa-life\/wp-content\/uploads\/2021\/11\/reforma-cocina.jpg 880w, https:\/\/www.fotocasa.es\/fotocasa-life\/wp-content\/uploads\/2021\/11\/reforma-cocina-300x200.jpg 300w, https:\/\/www.fotocasa.es\/fotocasa-life\/wp-content\/uploads\/2021\/11\/reforma-cocina-150x100.jpg 150w, https:\/\/www.fotocasa.es\/fotocasa-life\/wp-content\/uploads\/2021\/11\/reforma-cocina-768x511.jpg 768w\" sizes=\"auto, (max-width: 880px) 100vw, 880px\" \/><\/p>\n<h2>Instalar una barra para el desayuno<\/h2>\n<p><strong>Instalar una barra para desayunar es ideal por su versatilidad;<\/strong> ser\u00e1 una opci\u00f3n \u00fatil tanto si disponemos de una cocina de grandes dimensiones como si es m\u00e1s reducida o integrada al resto de estancias. Este elemento puede llegar a ser muy funcional, <strong>no solo porque se podr\u00e1 usar para desayunar, sino tambi\u00e9n ser\u00e1 perfecta como un <a href=\"https:\/\/www.fotocasa.es\/fotocasa-life\/inspiracion\/rincones-perfectos-para-trabajar\/\">rinc\u00f3n para teletrabajar<\/a>,<\/strong> realizar manualidades, recetas, o como una prolongaci\u00f3n natural de la propia encimera.<\/p>\n<p>En cuanto a su estilo, puede mantener una l\u00ednea continuista con el resto de la cocina o, por el contrario, generar contraste. Adem\u00e1s, <strong>no nos podemos olvidar de los taburetes, para darle el perfecto toque final.\u00a0<\/strong><\/p>\n<p>Estas han sido solo algunas de las ideas que se pueden tener en cuenta si nos queremos inspirar para animarnos a reformar. En Aqu\u00ed tu Reforma, sea cual sea tu idea, te ayudaremos a hacerla realidad. Somos la empresa l\u00edder de reformas y nuestro objetivo no es solo renovar casas, sino cambiar la vida de nuestros clientes. Si est\u00e1s interesado en reformar, no dudes en <a href=\"http:\/\/www.aquitureforma.com\/presupuesto\" target=\"_blank\" rel=\"noopener\"><strong>solicitar un presupuesto gratuito y sin compromiso<\/strong><\/a>, estaremos encantados de ayudarte.<\/p>\n","protected":false},"excerpt":{"rendered":"<p>Lejos quedan los d\u00edas en los que la cocina quedaba relegada a un segundo plano en las viviendas, exclusivamente utilizada para el almacenaje de los alimentos y la cocci\u00f3n. Hoy en d\u00eda la cocina vive su segunda juventud donde abundan los espacios abiertos y totalmente vers\u00e1tiles: las cocinas est\u00e1n ya muy integradas en el resto&#8230;<\/p>\n","protected":false},"author":99,"featured_media":66588,"comment_status":"open","ping_status":"closed","sticky":false,"template":"","format":"standard","meta":{"_lmt_disableupdate":"yes","_lmt_disable":"","footnotes":""},"categories":[7],"tags":[2516,3426,3058,2733,554,2514,2515,234],"class_list":["post-66581","post","type-post","status-publish","format-standard","has-post-thumbnail","hentry","category-reformas","tag-cocina-abierta-reforma","tag-cocinas-abiertas","tag-cocinas-reformadas","tag-piso-reformado","tag-planificacion-reforma","tag-reforma-cocina","tag-reforma-isla-cocina","tag-reformar-una-vivienda"],"modified_by":"srv.es.fc-zt-dg@adevinta.com","_links":{"self":[{"href":"https:\/\/www.fotocasa.es\/fotocasa-life\/wp-json\/wp\/v2\/posts\/66581","targetHints":{"allow":["GET"]}}],"collection":[{"href":"https:\/\/www.fotocasa.es\/fotocasa-life\/wp-json\/wp\/v2\/posts"}],"about":[{"href":"https:\/\/www.fotocasa.es\/fotocasa-life\/wp-json\/wp\/v2\/types\/post"}],"author":[{"embeddable":true,"href":"https:\/\/www.fotocasa.es\/fotocasa-life\/wp-json\/wp\/v2\/users\/99"}],"replies":[{"embeddable":true,"href":"https:\/\/www.fotocasa.es\/fotocasa-life\/wp-json\/wp\/v2\/comments?post=66581"}],"version-history":[{"count":0,"href":"https:\/\/www.fotocasa.es\/fotocasa-life\/wp-json\/wp\/v2\/posts\/66581\/revisions"}],"wp:featuredmedia":[{"embeddable":true,"href":"https:\/\/www.fotocasa.es\/fotocasa-life\/wp-json\/wp\/v2\/media\/66588"}],"wp:attachment":[{"href":"https:\/\/www.fotocasa.es\/fotocasa-life\/wp-json\/wp\/v2\/media?parent=66581"}],"wp:term":[{"taxonomy":"category","embeddable":true,"href":"https:\/\/www.fotocasa.es\/fotocasa-life\/wp-json\/wp\/v2\/categories?post=66581"},{"taxonomy":"post_tag","embeddable":true,"href":"https:\/\/www.fotocasa.es\/fotocasa-life\/wp-json\/wp\/v2\/tags?post=66581"}],"curies":[{"name":"wp","href":"https:\/\/api.w.org\/{rel}","templated":true}]}}