{"id":6645,"date":"2015-05-07T10:44:42","date_gmt":"2015-05-07T08:44:42","guid":{"rendered":"https:\/\/www.fotocasa.es\/fotocasa-life\/?p=6645"},"modified":"2020-11-27T11:30:34","modified_gmt":"2020-11-27T10:30:34","slug":"solvia-asegura-el-mercado-inmobiliario-se-ha-estabilizado","status":"publish","type":"post","link":"https:\/\/www.fotocasa.es\/fotocasa-life\/compraventa\/solvia-asegura-el-mercado-inmobiliario-se-ha-estabilizado\/","title":{"rendered":"Solvia asegura que el mercado inmobiliario \u201cse ha estabilizado\u201d"},"content":{"rendered":"<p>El director de Comercializaci\u00f3n y Transacciones de Solvia, Augusto Monte, afirma que el mercado inmobiliario \u00aben t\u00e9rminos generales <strong><a href=\"https:\/\/www.fotocasa.es\/fotocasa-life\/compraventa\/suben-los-precios-es-el-inicio-de-la-recuperacion\/\">se ha estabilizado<\/a><\/strong>\u00ab, aunque hay algunos mercados locales que \u00abnecesitan cierto plazo de recuperaci\u00f3n\u00bb. Por ello, es \u00abclave\u00bb, en su opini\u00f3n, contar con informaci\u00f3n \u00abtransparente\u00bb sobre precios para reforzar su recuperaci\u00f3n.<\/p>\n<p>Monte asegur\u00f3, durante el <strong><a href=\"https:\/\/simaexpo.com\/actividades\/foro-de-inversion-en-el-mercado-inmobiliario-espanol\/\" target=\"_blank\" rel=\"noopener noreferrer\">Foro de Inversi\u00f3n en el Mercado Inmobiliario Espa\u00f1ol<\/a><\/strong>, que un indicador de la recuperaci\u00f3n es que \u00abel negocio promotor y la financiaci\u00f3n a los promotores est\u00e1 volviendo\u00bb. Aunque insisti\u00f3 en que \u00abel mercado inmobiliario espa\u00f1ol es muy minimalista\u00bb y en un mismo barrio puede haber grandes diferencias de precios en las viviendas.\u00a0En esta l\u00ednea se\u00f1al\u00f3 que, hasta ahora, \u00abno se ha sido lo suficiente transparente para tomar decisiones fundamentadas en la realidad de los mercados\u00bb.<\/p>\n<p>Para el directivo de Solvia, otra de las \u00abclaves\u00bb es la gesti\u00f3n profesionalizada de los activos, que debe comenzar en el momento de la <strong><a href=\"https:\/\/www.fotocasa.es\/fotocasa-life\/compraventa\/en-que-se-fijan-los-extranjeros-para-invertir-en-el-mercado-inmobiliario-espanol\/\">toma de decisi\u00f3n en las inversiones<\/a><\/strong>. Adem\u00e1s, record\u00f3 que hay oportunidades de inversi\u00f3n que se centran en activos de baja calidad, construidos en la fase alcista del ciclo, que no tienen gran recorrido.<\/p>\n<p>As\u00ed, cree que \u00abel an\u00e1lisis exhaustivo del producto permitir\u00e1 percibir si hay una oportunidad de inversi\u00f3n\u00bb y que \u00abesto est\u00e1 en manos de una gesti\u00f3n profesionalizada\u00bb. \u00abVamos a tener que saber decir que no a ciertas operaciones\u00bb, apostill\u00f3. Del mismo modo, consider\u00f3 que, cuando se financie una nueva promoci\u00f3n, el banco habr\u00e1 de tener en cuenta la solvencia tanto del promotor como del proyecto.<\/p>\n<p>&nbsp;<\/p>\n","protected":false},"excerpt":{"rendered":"<p>El director de Comercializaci\u00f3n y Transacciones de Solvia, Augusto Monte, afirma que el mercado inmobiliario \u00aben t\u00e9rminos generales se ha estabilizado\u00ab, aunque hay algunos mercados locales que \u00abnecesitan cierto plazo de recuperaci\u00f3n\u00bb. Por ello, es \u00abclave\u00bb, en su opini\u00f3n, contar con informaci\u00f3n \u00abtransparente\u00bb sobre precios para reforzar su recuperaci\u00f3n. Monte asegur\u00f3, durante el Foro de&#8230;<\/p>\n","protected":false},"author":3,"featured_media":5718,"comment_status":"open","ping_status":"open","sticky":false,"template":"","format":"standard","meta":{"_lmt_disableupdate":"yes","_lmt_disable":"","footnotes":""},"categories":[3],"tags":[31,72,1647,245,1607,1648],"class_list":["post-6645","post","type-post","status-publish","format-standard","has-post-thumbnail","hentry","category-compraventa","tag-bancos","tag-compraventa-de-vivienda","tag-mercado-inmobiliario","tag-sector-inmobiliario","tag-sima-2015","tag-solvia"],"modified_by":"Albert PC","_links":{"self":[{"href":"https:\/\/www.fotocasa.es\/fotocasa-life\/wp-json\/wp\/v2\/posts\/6645","targetHints":{"allow":["GET"]}}],"collection":[{"href":"https:\/\/www.fotocasa.es\/fotocasa-life\/wp-json\/wp\/v2\/posts"}],"about":[{"href":"https:\/\/www.fotocasa.es\/fotocasa-life\/wp-json\/wp\/v2\/types\/post"}],"author":[{"embeddable":true,"href":"https:\/\/www.fotocasa.es\/fotocasa-life\/wp-json\/wp\/v2\/users\/3"}],"replies":[{"embeddable":true,"href":"https:\/\/www.fotocasa.es\/fotocasa-life\/wp-json\/wp\/v2\/comments?post=6645"}],"version-history":[{"count":0,"href":"https:\/\/www.fotocasa.es\/fotocasa-life\/wp-json\/wp\/v2\/posts\/6645\/revisions"}],"wp:featuredmedia":[{"embeddable":true,"href":"https:\/\/www.fotocasa.es\/fotocasa-life\/wp-json\/wp\/v2\/media\/5718"}],"wp:attachment":[{"href":"https:\/\/www.fotocasa.es\/fotocasa-life\/wp-json\/wp\/v2\/media?parent=6645"}],"wp:term":[{"taxonomy":"category","embeddable":true,"href":"https:\/\/www.fotocasa.es\/fotocasa-life\/wp-json\/wp\/v2\/categories?post=6645"},{"taxonomy":"post_tag","embeddable":true,"href":"https:\/\/www.fotocasa.es\/fotocasa-life\/wp-json\/wp\/v2\/tags?post=6645"}],"curies":[{"name":"wp","href":"https:\/\/api.w.org\/{rel}","templated":true}]}}