{"id":6641,"date":"2015-05-07T10:15:12","date_gmt":"2015-05-07T08:15:12","guid":{"rendered":"https:\/\/www.fotocasa.es\/fotocasa-life\/?p=6641"},"modified":"2020-11-27T11:30:34","modified_gmt":"2020-11-27T10:30:34","slug":"la-sareb-se-apoyara-en-los-promotores-para-promover-pisos-nuevos-en-2015","status":"publish","type":"post","link":"https:\/\/www.fotocasa.es\/fotocasa-life\/compraventa\/la-sareb-se-apoyara-en-los-promotores-para-promover-pisos-nuevos-en-2015\/","title":{"rendered":"La Sareb se apoyar\u00e1 en los promotores para vender pisos nuevos en 2015"},"content":{"rendered":"<p>El director de Transacciones de la <strong><a href=\"https:\/\/www.fotocasa.es\/fotocasa-life\/compraventa\/que-es-la-sareb-un-video-lo-explica-en-dos-minutos\/\">Sociedad de Gesti\u00f3n de Activos Procedentes de la Reestructuraci\u00f3n Bancaria<\/a><\/strong> (Sareb), Luis Mart\u00edn Guirado, anticip\u00f3 que la sociedad se ayudar\u00e1 de promotores para seguir con su estrategia de dar valor a sus activos para lograr los mejores resultados posibles en su liquidaci\u00f3n.<\/p>\n<p>Guirado explic\u00f3, en el Foro de Inversi\u00f3n en el Mercado Inmobiliario Espa\u00f1ol, que la Sareb ha acometido en 2014 \u00abtres retos fundamentales\u00bb: su estructuraci\u00f3n y <strong><a href=\"https:\/\/www.fotocasa.es\/fotocasa-life\/compraventa\/las-socimis-un-nuevo-vehiculo-para-los-inversores\/\">profesionalizaci\u00f3n<\/a><\/strong>, la migraci\u00f3n de un modelo de servicio prove\u00eddo por las entidades cedentes de los activos a los servicers, y la definici\u00f3n de las estrategias de fijaci\u00f3n de valor de los activos.<\/p>\n<p>En 2015, Sareb pretende colocar el 20% de sus ventas en el mercado institucional y mejorar en general el valor de sus activos, en lugar de \u00abcaer en la tentaci\u00f3n de vender r\u00e1pido\u00bb, lo cual, seg\u00fan el directivo, ir\u00eda en contra del papel \u00abestabilizador\u00bb del mercado de la sociedad y ser\u00eda una mala estrategia financiera. \u00abNo somos un banco y los \u00fanicos ingresos que tenemos vienen de la liquidaci\u00f3n de activos, as\u00ed que no tenemos un negocio que permita compensar p\u00e9rdidas. Por ello, tenemos que seguir a\u00f1adiendo <strong><a href=\"https:\/\/www.fotocasa.es\/fotocasa-life\/compraventa\/la-sareb-debera-provisionar-la-perdida-de-valor-de-sus-activos\/\">valor a los activos<\/a><\/strong>\u00ab, explic\u00f3.<\/p>\n<p>En este punto, Guirado precis\u00f3 que esa dotaci\u00f3n de mayor valor a los activos se realizar\u00e1 a trav\u00e9s de cuatro ejes. El primero pasa por \u00abpromocionar en suelos en combinaci\u00f3n con el sector promotor\u00bb. \u00abVamos utilizar toda la capacidad, conocimiento y experiencia para poner ese valor a\u00f1adido en nuestras carteras\u00bb, ha a\u00f1adido.<\/p>\n<p>Los otros tres ejes se centrar\u00e1n en continuar poniendo en el mercado <strong><a href=\"https:\/\/www.fotocasa.es\/fotocasa-life\/compraventa\/la-sareb-vende-suelos-en-madrid-por-64-millones-de-euros-cp-amenabar\/\">carteras de suelo<\/a><\/strong>, finalizar obras en curso y en desarrollar alquiler residencial, tanto en el segmento minorista como a trav\u00e9s de carteras y veh\u00edculos dedicados al alquiler.<\/p>\n<p>Por otro lado, el director de Transacciones de Sareb ha puesto en valor que la sociedad ha consolidado en 2014 \u00abun nuevo modelo de negocio que ha dado estabilidad a un sector que lo necesitaba con un criterio de no bajar precio, con templanza, frente a los inversores extranjeros que lo ped\u00edan\u00bb.<\/p>\n<p>&nbsp;<\/p>\n","protected":false},"excerpt":{"rendered":"<p>El director de Transacciones de la Sociedad de Gesti\u00f3n de Activos Procedentes de la Reestructuraci\u00f3n Bancaria (Sareb), Luis Mart\u00edn Guirado, anticip\u00f3 que la sociedad se ayudar\u00e1 de promotores para seguir con su estrategia de dar valor a sus activos para lograr los mejores resultados posibles en su liquidaci\u00f3n. Guirado explic\u00f3, en el Foro de Inversi\u00f3n&#8230;<\/p>\n","protected":false},"author":3,"featured_media":6648,"comment_status":"open","ping_status":"open","sticky":false,"template":"","format":"standard","meta":{"_lmt_disableupdate":"yes","_lmt_disable":"","footnotes":""},"categories":[3],"tags":[975,118,1646,1290,224,243,245],"class_list":["post-6641","post","type-post","status-publish","format-standard","has-post-thumbnail","hentry","category-compraventa","tag-cartera-sareb","tag-economia","tag-estrategia-sareb-2015","tag-inversion-inmobiliaria","tag-profesional-inmobiliario","tag-sareb","tag-sector-inmobiliario"],"modified_by":"Albert PC","_links":{"self":[{"href":"https:\/\/www.fotocasa.es\/fotocasa-life\/wp-json\/wp\/v2\/posts\/6641","targetHints":{"allow":["GET"]}}],"collection":[{"href":"https:\/\/www.fotocasa.es\/fotocasa-life\/wp-json\/wp\/v2\/posts"}],"about":[{"href":"https:\/\/www.fotocasa.es\/fotocasa-life\/wp-json\/wp\/v2\/types\/post"}],"author":[{"embeddable":true,"href":"https:\/\/www.fotocasa.es\/fotocasa-life\/wp-json\/wp\/v2\/users\/3"}],"replies":[{"embeddable":true,"href":"https:\/\/www.fotocasa.es\/fotocasa-life\/wp-json\/wp\/v2\/comments?post=6641"}],"version-history":[{"count":0,"href":"https:\/\/www.fotocasa.es\/fotocasa-life\/wp-json\/wp\/v2\/posts\/6641\/revisions"}],"wp:featuredmedia":[{"embeddable":true,"href":"https:\/\/www.fotocasa.es\/fotocasa-life\/wp-json\/wp\/v2\/media\/6648"}],"wp:attachment":[{"href":"https:\/\/www.fotocasa.es\/fotocasa-life\/wp-json\/wp\/v2\/media?parent=6641"}],"wp:term":[{"taxonomy":"category","embeddable":true,"href":"https:\/\/www.fotocasa.es\/fotocasa-life\/wp-json\/wp\/v2\/categories?post=6641"},{"taxonomy":"post_tag","embeddable":true,"href":"https:\/\/www.fotocasa.es\/fotocasa-life\/wp-json\/wp\/v2\/tags?post=6641"}],"curies":[{"name":"wp","href":"https:\/\/api.w.org\/{rel}","templated":true}]}}