{"id":65686,"date":"2021-10-28T09:29:18","date_gmt":"2021-10-28T07:29:18","guid":{"rendered":"https:\/\/www.fotocasa.es\/fotocasa-life\/?p=65686"},"modified":"2021-10-28T09:29:18","modified_gmt":"2021-10-28T07:29:18","slug":"como-me-afectaran-los-nuevos-tramos-horarios-en-la-factura-de-la-luz-aprobados-por-el-gobierno","status":"publish","type":"post","link":"https:\/\/www.fotocasa.es\/fotocasa-life\/servicios-del-hogar\/como-me-afectaran-los-nuevos-tramos-horarios-en-la-factura-de-la-luz-aprobados-por-el-gobierno\/","title":{"rendered":"\u00bfC\u00f3mo me afectar\u00e1n los nuevos tramos horarios en la factura de la luz aprobados por el Gobierno?"},"content":{"rendered":"<p><span style=\"font-weight: 400;\">El Gobierno espa\u00f1ol ha vuelto a cambiar los tramos de <\/span><a href=\"https:\/\/www.fotocasa.es\/fotocasa-life\/hogar\/energia\/conoce-todos-los-detalles-sobre-la-nueva-factura-de-la-luz\/\"><b>la factura de la luz<\/b><\/a><span style=\"font-weight: 400;\">, <\/span><b>coincidiendo con el cambio horario del pr\u00f3ximo fin de semana<\/b><span style=\"font-weight: 400;\">. El domingo, 31 de octubre, cambiar\u00e1 la hora: a las 3:00 horas deberemos atrasar una hora los relojes, por lo que pasar\u00e1n a ser las 2:00 horas (seg\u00fan la hora peninsular).\u00a0<\/span><\/p>\n<p><span style=\"font-weight: 400;\">Como ocurre cada a\u00f1o, este cambio comportar\u00e1 que amanezca m\u00e1s pronto pero que, por ende, anochezca tambi\u00e9n antes. La raz\u00f3n principal por la que se lleva a cabo este cambio es <\/span><b>para aprovechar al m\u00e1ximo la luz solar y, por lo tanto, contribuir al ahorro energ\u00e9tico y, con ello, <\/b><a href=\"https:\/\/www.fotocasa.es\/fotocasa-life\/hogar\/energia\/3-maneras-de-abaratar-tu-factura-de-la-luz\/\"><b>abaratar la factura de la luz<\/b><\/a><span style=\"font-weight: 400;\">.\u00a0<\/span><\/p>\n<p><span style=\"font-weight: 400;\">Sin embargo, dado que la nueva factura consta de distintos tramos horarios, muchos ciudadanos se preguntan <\/span><b>c\u00f3mo influir\u00e1 este cambio, y m\u00e1s a\u00fan, con los nuevos cambios que recientemente ha establecido el Gobierno<\/b><span style=\"font-weight: 400;\">.\u00a0<\/span><\/p>\n","protected":false},"excerpt":{"rendered":"<p>El Gobierno espa\u00f1ol ha vuelto a cambiar los tramos de la factura de la luz, coincidiendo con el cambio horario del pr\u00f3ximo fin de semana. El domingo, 31 de octubre, cambiar\u00e1 la hora: a las 3:00 horas deberemos atrasar una hora los relojes, por lo que pasar\u00e1n a ser las 2:00 horas (seg\u00fan la hora&#8230;<\/p>\n","protected":false},"author":152,"featured_media":65688,"comment_status":"open","ping_status":"closed","sticky":false,"template":"","format":"standard","meta":{"_lmt_disableupdate":"yes","_lmt_disable":"","footnotes":""},"categories":[2275],"tags":[437,4755],"class_list":["post-65686","post","type-post","status-publish","format-standard","has-post-thumbnail","hentry","category-servicios-del-hogar","tag-factura-de-la-luz","tag-tramos-horarios"],"modified_by":"Agustina Battioli","_links":{"self":[{"href":"https:\/\/www.fotocasa.es\/fotocasa-life\/wp-json\/wp\/v2\/posts\/65686","targetHints":{"allow":["GET"]}}],"collection":[{"href":"https:\/\/www.fotocasa.es\/fotocasa-life\/wp-json\/wp\/v2\/posts"}],"about":[{"href":"https:\/\/www.fotocasa.es\/fotocasa-life\/wp-json\/wp\/v2\/types\/post"}],"author":[{"embeddable":true,"href":"https:\/\/www.fotocasa.es\/fotocasa-life\/wp-json\/wp\/v2\/users\/152"}],"replies":[{"embeddable":true,"href":"https:\/\/www.fotocasa.es\/fotocasa-life\/wp-json\/wp\/v2\/comments?post=65686"}],"version-history":[{"count":0,"href":"https:\/\/www.fotocasa.es\/fotocasa-life\/wp-json\/wp\/v2\/posts\/65686\/revisions"}],"wp:featuredmedia":[{"embeddable":true,"href":"https:\/\/www.fotocasa.es\/fotocasa-life\/wp-json\/wp\/v2\/media\/65688"}],"wp:attachment":[{"href":"https:\/\/www.fotocasa.es\/fotocasa-life\/wp-json\/wp\/v2\/media?parent=65686"}],"wp:term":[{"taxonomy":"category","embeddable":true,"href":"https:\/\/www.fotocasa.es\/fotocasa-life\/wp-json\/wp\/v2\/categories?post=65686"},{"taxonomy":"post_tag","embeddable":true,"href":"https:\/\/www.fotocasa.es\/fotocasa-life\/wp-json\/wp\/v2\/tags?post=65686"}],"curies":[{"name":"wp","href":"https:\/\/api.w.org\/{rel}","templated":true}]}}