{"id":64950,"date":"2021-10-04T11:00:36","date_gmt":"2021-10-04T09:00:36","guid":{"rendered":"https:\/\/www.fotocasa.es\/fotocasa-life\/?p=64950"},"modified":"2021-10-04T09:50:31","modified_gmt":"2021-10-04T07:50:31","slug":"mercado-inmobiliario-en-2021-solido-renovado-y-digitalizado","status":"publish","type":"post","link":"https:\/\/www.fotocasa.es\/fotocasa-life\/opinion\/mercado-inmobiliario-en-2021-solido-renovado-y-digitalizado\/","title":{"rendered":"El mercado inmobiliario en 2021: s\u00f3lido, renovado y digitalizado"},"content":{"rendered":"<p>\u201cEs verano y la vida es f\u00e1cil\u201d reza la apertura de la primera estrofa de <em>Summertime,<\/em> compuesta por George Gershwin y popularizada en la d\u00e9cada de 1960 por Ella Fitzgerald, que convirti\u00f3 a la canci\u00f3n en un hito del jazz. Ciertamente, se dice que el verano y especialmente las vacaciones son un buen momento para ver las cosas de forma m\u00e1s relajada y <strong>hacer balance alejados del ritmo fren\u00e9tico en el que vivimos el resto del a\u00f1o.<\/strong> Echando la vista atr\u00e1s, lo que llevamos de 2021 no ha sido un mal a\u00f1o para el sector inmobiliario, a pesar de estar sufriendo todav\u00eda la resaca de la pandemia que sacudi\u00f3 la econom\u00eda mundial durante el pasado 2020. Mientras la sociedad espa\u00f1ola se adapta a la llamada \u201cnueva normalidad\u201d, una situaci\u00f3n cambiante que de \u201cnormal\u201d tiene poco, los primeros s\u00edntomas de la recuperaci\u00f3n han permitido empezar a ver la luz al final del t\u00fanel.<\/p>\n<p><strong>Hubiera sido perfecto poder empezar esta tribuna sin nombrar ni al coronavirus, ni a la pandemia, ni a la crisis sanitaria y econ\u00f3mica que origin\u00f3 el virus,<\/strong> pero resulta evidente que desde marzo de 2020 la covid-19 ha sido la gran protagonista y ser\u00eda imposible hacer un balance del \u00faltimo a\u00f1o sin tenerla presente. Sin duda, el coronavirus lleg\u00f3 y lo puso todo patas arriba, y este \u00faltimo a\u00f1o a\u00fan hemos visto como sus consecuencias se hac\u00edan palpables. Tambi\u00e9n en el mercado de la vivienda.<\/p>\n<h2>Ni burbuja, ni pinchazo<\/h2>\n<p><strong>La crisis sanitaria sembr\u00f3 la incertidumbre y el miedo en todos los sectores<\/strong>, y el inmobiliario no fue una excepci\u00f3n. Lo cierto es que resurgi\u00f3 el fantasma de una nueva recesi\u00f3n econ\u00f3mica que se llevar\u00e1 por delante al sector, como ocurri\u00f3 en 2008 con el estallido de la burbuja inmobiliaria. Sin embargo, se atisbaba un escenario diferente: el detonante era una crisis sanitaria y no una financiera, y el sector contaba con unos cimientos m\u00e1s s\u00f3lidos y una situaci\u00f3n m\u00e1s saneada que hac\u00eda una d\u00e9cada. Por ello, <strong>todo parec\u00eda advertir una recuperaci\u00f3n del sector en forma de \u201cV\u201d y as\u00ed lo confirmaron los datos.<\/strong> En efecto, la compra de vivienda en Espa\u00f1a se dinamiz\u00f3 con rapidez en la segunda mitad de 2020 despu\u00e9s del desplome sufrido con el inicio del confinamiento.<\/p>\n","protected":false},"excerpt":{"rendered":"<p>\u201cEs verano y la vida es f\u00e1cil\u201d reza la apertura de la primera estrofa de Summertime, compuesta por George Gershwin y popularizada en la d\u00e9cada de 1960 por Ella Fitzgerald, que convirti\u00f3 a la canci\u00f3n en un hito del jazz. Ciertamente, se dice que el verano y especialmente las vacaciones son un buen momento para&#8230;<\/p>\n","protected":false},"author":155,"featured_media":64951,"comment_status":"open","ping_status":"closed","sticky":false,"template":"","format":"standard","meta":{"_lmt_disableupdate":"yes","_lmt_disable":"","footnotes":""},"categories":[4284],"tags":[142,185,245],"class_list":["post-64950","post","type-post","status-publish","format-standard","has-post-thumbnail","hentry","category-opinion","tag-fotocasa","tag-opinion-expertos-inmobiliarios","tag-sector-inmobiliario"],"modified_by":"srv.es.fc-zt-dg@adevinta.com","_links":{"self":[{"href":"https:\/\/www.fotocasa.es\/fotocasa-life\/wp-json\/wp\/v2\/posts\/64950","targetHints":{"allow":["GET"]}}],"collection":[{"href":"https:\/\/www.fotocasa.es\/fotocasa-life\/wp-json\/wp\/v2\/posts"}],"about":[{"href":"https:\/\/www.fotocasa.es\/fotocasa-life\/wp-json\/wp\/v2\/types\/post"}],"author":[{"embeddable":true,"href":"https:\/\/www.fotocasa.es\/fotocasa-life\/wp-json\/wp\/v2\/users\/155"}],"replies":[{"embeddable":true,"href":"https:\/\/www.fotocasa.es\/fotocasa-life\/wp-json\/wp\/v2\/comments?post=64950"}],"version-history":[{"count":0,"href":"https:\/\/www.fotocasa.es\/fotocasa-life\/wp-json\/wp\/v2\/posts\/64950\/revisions"}],"wp:featuredmedia":[{"embeddable":true,"href":"https:\/\/www.fotocasa.es\/fotocasa-life\/wp-json\/wp\/v2\/media\/64951"}],"wp:attachment":[{"href":"https:\/\/www.fotocasa.es\/fotocasa-life\/wp-json\/wp\/v2\/media?parent=64950"}],"wp:term":[{"taxonomy":"category","embeddable":true,"href":"https:\/\/www.fotocasa.es\/fotocasa-life\/wp-json\/wp\/v2\/categories?post=64950"},{"taxonomy":"post_tag","embeddable":true,"href":"https:\/\/www.fotocasa.es\/fotocasa-life\/wp-json\/wp\/v2\/tags?post=64950"}],"curies":[{"name":"wp","href":"https:\/\/api.w.org\/{rel}","templated":true}]}}