{"id":64929,"date":"2021-09-30T12:00:25","date_gmt":"2021-09-30T10:00:25","guid":{"rendered":"https:\/\/www.fotocasa.es\/fotocasa-life\/?p=64929"},"modified":"2025-09-02T07:10:00","modified_gmt":"2025-09-02T05:10:00","slug":"consejos-para-crear-una-zona-de-estudios-en-casa-para-tus-hijos","status":"publish","type":"post","link":"https:\/\/www.fotocasa.es\/fotocasa-life\/inspiracion\/consejos-para-crear-una-zona-de-estudios-en-casa-para-tus-hijos\/","title":{"rendered":"7 Consejos para crear una zona de estudio infantil que tus hijos amar\u00e1n"},"content":{"rendered":"<p><span style=\"font-weight: 400\">Con cada comienzo de curso empiezan los preparativos para que los m\u00e1s peque\u00f1os vuelvan al h\u00e1bito de estudiar. Para ello, crear una zona de estudio infantil c\u00f3moda, pr\u00e1ctica y con un toque divertido nos puede ayudar a que se concentren mejor y retomen la costumbre.<\/span><\/p>\n<p><span style=\"font-weight: 400\">Desde Fotocasa, te mostramos las mejores ideas para crear el <\/span><a href=\"https:\/\/www.fotocasa.es\/fotocasa-life\/inspiracion\/donde-es-mejor-que-los-ninos-hagan-los-deberes-dentro-de-casa\/\" target=\"_blank\" rel=\"noopener\"><span style=\"font-weight: 400\">espacio perfecto para hacer deberes<\/span><\/a><span style=\"font-weight: 400\">: <\/span><b>un rinc\u00f3n de estudio adaptado a la edad y las necesidades de los ni\u00f1os<\/b><span style=\"font-weight: 400\">, ya sea en una habitaci\u00f3n individual o compartida, en un cuarto espec\u00edfico o integrado en el dormitorio.<\/span><\/p>\n<section class=\"mini-posts\"><div class=\"row align-items-center\"><div class=\"col-4 col-md-3 pt-2 pb-2\"><div class=\"mini-posts__image\"><a href=\"https:\/\/www.fotocasa.es\/fotocasa-life\/inspiracion\/desafio-ordenar-tu-casa-al-completo-antes-de-la-vuelta-al-cole\/\"><img decoding=\"async\" src=\"https:\/\/www.fotocasa.es\/fotocasa-life\/wp-content\/uploads\/2023\/07\/Desafio-ordenar-tu-casa-al-completo-antes-de-la-vuelta-al-cole-355x230.jpg\" alt=\"Desaf\u00edo ordenar tu casa al completo antes de &quot;la Vuelta al Cole&quot;\" title=\"-\"><\/a><\/div><\/div><div class=\"col-8 col-md-9 pt-2 pb-2\"><h3 class=\"mini-posts__title\"><a href=\"https:\/\/www.fotocasa.es\/fotocasa-life\/inspiracion\/desafio-ordenar-tu-casa-al-completo-antes-de-la-vuelta-al-cole\/\">Desaf\u00edo ordenar tu casa al completo antes de &quot;la Vuelta al Cole&quot;<\/a><\/h3><\/div><\/div><\/section>\n","protected":false},"excerpt":{"rendered":"<p>Organizar un rinc\u00f3n de estudio infantil es m\u00e1s f\u00e1cil de lo que parece con estas ideas pr\u00e1cticas <\/p>\n","protected":false},"author":3,"featured_media":64930,"comment_status":"open","ping_status":"closed","sticky":false,"template":"","format":"standard","meta":{"_lmt_disableupdate":"yes","_lmt_disable":"","footnotes":""},"categories":[2697],"tags":[2311,438,135,4081],"class_list":["post-64929","post","type-post","status-publish","format-standard","has-post-thumbnail","hentry","category-inspiracion","tag-decoracion","tag-estudio","tag-estudios","tag-inspiracion"],"modified_by":null,"_links":{"self":[{"href":"https:\/\/www.fotocasa.es\/fotocasa-life\/wp-json\/wp\/v2\/posts\/64929","targetHints":{"allow":["GET"]}}],"collection":[{"href":"https:\/\/www.fotocasa.es\/fotocasa-life\/wp-json\/wp\/v2\/posts"}],"about":[{"href":"https:\/\/www.fotocasa.es\/fotocasa-life\/wp-json\/wp\/v2\/types\/post"}],"author":[{"embeddable":true,"href":"https:\/\/www.fotocasa.es\/fotocasa-life\/wp-json\/wp\/v2\/users\/3"}],"replies":[{"embeddable":true,"href":"https:\/\/www.fotocasa.es\/fotocasa-life\/wp-json\/wp\/v2\/comments?post=64929"}],"version-history":[{"count":0,"href":"https:\/\/www.fotocasa.es\/fotocasa-life\/wp-json\/wp\/v2\/posts\/64929\/revisions"}],"wp:featuredmedia":[{"embeddable":true,"href":"https:\/\/www.fotocasa.es\/fotocasa-life\/wp-json\/wp\/v2\/media\/64930"}],"wp:attachment":[{"href":"https:\/\/www.fotocasa.es\/fotocasa-life\/wp-json\/wp\/v2\/media?parent=64929"}],"wp:term":[{"taxonomy":"category","embeddable":true,"href":"https:\/\/www.fotocasa.es\/fotocasa-life\/wp-json\/wp\/v2\/categories?post=64929"},{"taxonomy":"post_tag","embeddable":true,"href":"https:\/\/www.fotocasa.es\/fotocasa-life\/wp-json\/wp\/v2\/tags?post=64929"}],"curies":[{"name":"wp","href":"https:\/\/api.w.org\/{rel}","templated":true}]}}