{"id":6480,"date":"2015-04-27T12:08:40","date_gmt":"2015-04-27T10:08:40","guid":{"rendered":"https:\/\/www.fotocasa.es\/fotocasa-life\/?p=6480"},"modified":"2020-11-27T11:30:45","modified_gmt":"2020-11-27T10:30:45","slug":"el-gobierno-prorroga-hasta-2017-los-desahucios-a-familias-vulnerables","status":"publish","type":"post","link":"https:\/\/www.fotocasa.es\/fotocasa-life\/hipotecas-finanzas\/el-gobierno-prorroga-hasta-2017-los-desahucios-a-familias-vulnerables\/","title":{"rendered":"El Gobierno prorroga hasta 2017 los desahucios a familias vulnerables"},"content":{"rendered":"<p>El Gobierno ha anunciado que va a prolongar hasta 2017 el periodo de suspensi\u00f3n de <strong><a href=\"https:\/\/www.fotocasa.es\/fotocasa-life\/hipotecas-finanzas\/la-aeb-afirma-que-los-bancos-estan-haciendo-un-esfuerzo-importante-para-evitar-desahucios\/\">desahucios de viviendas habituales<\/a><\/strong> entre los colectivos m\u00e1s desfavorecidos, que vence en mayo de este a\u00f1o, seg\u00fan fuentes de Moncloa, que indicaron que esta medida est\u00e1 incluida en la ley de segunda oportunidad que aprob\u00f3 el Ejecutivo en febrero.<\/p>\n<p>El presidente del Gobierno, Mariano Rajoy, destac\u00f3 otras medidas para luchar contra la desigualdad y la exclusi\u00f3n, como la reforma fiscal, que ha prestado \u00abespecial atenci\u00f3n\u00bb a las personas m\u00e1s vulnerables, seg\u00fan ha explicado durante su participaci\u00f3n en el X Aniversario de los Desayunos Informativos de Europa Press.<\/p>\n<p>Rajoy record\u00f3 que se han creado tres impuestos negativos, tambi\u00e9n conocidos como &#8216;cheques familiares&#8217;, para familias numerosas, monoparentales y con dependientes a su cargo. En este sentido, dijo que el a\u00f1o que viene entrar\u00e1 en vigor la segunda fase de la <strong><a href=\"https:\/\/www.fotocasa.es\/fotocasa-life\/alquiler\/como-afecta-la-nueva-reforma-fiscal-la-vivienda\/\">reforma fiscal<\/a><\/strong>, que dejar\u00e1 en manos de los contribuyentes un total de 9.000 millones de euros.<\/p>\n<p>La ampliaci\u00f3n de la suspensi\u00f3n de los desahucios para familias m\u00e1s vulnerables se incluye dentro del <strong><a href=\"https:\/\/www.boe.es\/diario_boe\/txt.php?id=BOE-A-2015-2109\" target=\"_blank\" rel=\"noopener noreferrer\">Real Decreto Ley de Mecanismos de Segunda Oportunidad y Reducci\u00f3n de la Carga Financiera y Otras Medidas de Orden Social<\/a><\/strong>, para facilitar el desendeudamiento de la econom\u00eda y ampliar la protecci\u00f3n de los colectivos m\u00e1s vulnerables por la crisis.<\/p>\n<p>Adem\u00e1s, en esta normativa el Ejecutivo ha flexibilizado los criterios que dan acceso al <strong><a href=\"https:\/\/www.fotocasa.es\/fotocasa-life\/hipotecas-finanzas\/el-banco-de-espana-velara-por-la-adecuada-concesion-de-hipotecas-y-la-aplicacion-del-codigo-de-buenas-practicas\/\">C\u00f3digo de Buenas Pr\u00e1cticas<\/a><\/strong> para deudores hipotecarios e incrementa el l\u00edmite anual de renta familiar hasta tres veces el Indicador P\u00fablico de Rentas M\u00faltiples (IPREM).<\/p>\n<p>&nbsp;<\/p>\n<p><strong>C\u00f3digo de buenas pr\u00e1cticas<\/strong><\/p>\n<p>El Gobierno tambi\u00e9n ha elevado el l\u00edmite de precio de adquisici\u00f3n de los inmuebles que podr\u00e1n beneficiarse del C\u00f3digo de Buenas Pr\u00e1cticas. Ahora, este podr\u00e1 superar en un 20% el precio medio del \u00edndice elaborado por el Ministerio de Fomento con un l\u00edmite de 300.000 euros (250.000 euros para la daci\u00f3n en pago), establecido antes en 250.000 euros.<\/p>\n<p>Adem\u00e1s, se ampl\u00edan las medidas a las que se pueden acoger los beneficiarios del C\u00f3digo de Buenas Pr\u00e1cticas: se elimina la aplicaci\u00f3n de las <strong><a href=\"https:\/\/www.fotocasa.es\/fotocasa-life\/hipotecas-finanzas\/los-acogidos-a-segunda-oportunidad-se-liberaran-de-clausulas-suelo-si-cumplen-el-codigo-de-buenas-practicas\/\">cl\u00e1usulas suelo<\/a><\/strong> a los deudores situados en el nuevo umbral del c\u00f3digo.<\/p>\n<p>El Ministerio de Econom\u00eda calcula que este c\u00f3digo ha permitido 12.000 reestructuraciones de deuda, 35.000 <strong><a href=\"https:\/\/www.fotocasa.es\/fotocasa-life\/hipotecas-finanzas\/dacion-en-pago-que-es-y-como-conseguirla\/\">daciones en pago<\/a><\/strong>, 2.000 hogares beneficiados por el Fondo Social de Vivienda y 12.000 lanzamientos paralizados.<\/p>\n<p>&nbsp;<\/p>\n","protected":false},"excerpt":{"rendered":"<p>El Gobierno ha anunciado que va a prolongar hasta 2017 el periodo de suspensi\u00f3n de desahucios de viviendas habituales entre los colectivos m\u00e1s desfavorecidos, que vence en mayo de este a\u00f1o, seg\u00fan fuentes de Moncloa, que indicaron que esta medida est\u00e1 incluida en la ley de segunda oportunidad que aprob\u00f3 el Ejecutivo en febrero. El&#8230;<\/p>\n","protected":false},"author":3,"featured_media":6481,"comment_status":"open","ping_status":"open","sticky":false,"template":"","format":"standard","meta":{"_lmt_disableupdate":"yes","_lmt_disable":"","footnotes":""},"categories":[6],"tags":[1258,1494,358,359,1460,1495],"class_list":["post-6480","post","type-post","status-publish","format-standard","has-post-thumbnail","hentry","category-hipotecas-finanzas","tag-codigo-de-buenas-practicas","tag-codigo-de-buenas-practicas-bancarias","tag-desahucios","tag-ejecucion-hipotecaria","tag-ley-antidesahucios","tag-ley-de-segunda-oportunidad"],"modified_by":"Albert PC","_links":{"self":[{"href":"https:\/\/www.fotocasa.es\/fotocasa-life\/wp-json\/wp\/v2\/posts\/6480","targetHints":{"allow":["GET"]}}],"collection":[{"href":"https:\/\/www.fotocasa.es\/fotocasa-life\/wp-json\/wp\/v2\/posts"}],"about":[{"href":"https:\/\/www.fotocasa.es\/fotocasa-life\/wp-json\/wp\/v2\/types\/post"}],"author":[{"embeddable":true,"href":"https:\/\/www.fotocasa.es\/fotocasa-life\/wp-json\/wp\/v2\/users\/3"}],"replies":[{"embeddable":true,"href":"https:\/\/www.fotocasa.es\/fotocasa-life\/wp-json\/wp\/v2\/comments?post=6480"}],"version-history":[{"count":0,"href":"https:\/\/www.fotocasa.es\/fotocasa-life\/wp-json\/wp\/v2\/posts\/6480\/revisions"}],"wp:featuredmedia":[{"embeddable":true,"href":"https:\/\/www.fotocasa.es\/fotocasa-life\/wp-json\/wp\/v2\/media\/6481"}],"wp:attachment":[{"href":"https:\/\/www.fotocasa.es\/fotocasa-life\/wp-json\/wp\/v2\/media?parent=6480"}],"wp:term":[{"taxonomy":"category","embeddable":true,"href":"https:\/\/www.fotocasa.es\/fotocasa-life\/wp-json\/wp\/v2\/categories?post=6480"},{"taxonomy":"post_tag","embeddable":true,"href":"https:\/\/www.fotocasa.es\/fotocasa-life\/wp-json\/wp\/v2\/tags?post=6480"}],"curies":[{"name":"wp","href":"https:\/\/api.w.org\/{rel}","templated":true}]}}