{"id":6453,"date":"2015-04-23T11:35:01","date_gmt":"2015-04-23T09:35:01","guid":{"rendered":"https:\/\/www.fotocasa.es\/fotocasa-life\/?p=6453"},"modified":"2020-11-27T11:30:46","modified_gmt":"2020-11-27T10:30:46","slug":"el-euribor-a-tres-meses-entra-en-negativo-por-primera-vez-en-la-historia","status":"publish","type":"post","link":"https:\/\/www.fotocasa.es\/fotocasa-life\/hipotecas-finanzas\/el-euribor-a-tres-meses-entra-en-negativo-por-primera-vez-en-la-historia\/","title":{"rendered":"El Eur\u00edbor a tres meses entra en negativo por primera vez en la historia"},"content":{"rendered":"<p>El Eur\u00edbor a tres meses, empleado especialmente en la financiaci\u00f3n a empresas, ha entrado en negativo por primera vez en la historia, estableci\u00e9ndose en el -0,001%, siguiendo as\u00ed la estela del Eur\u00edbor a un mes y a dos meses.<\/p>\n<p>El analista de XTB Jaime D\u00edez asegura que este hecho puede tener positivas repercusiones ante un mayor crecimiento econ\u00f3mico, apoyado en la <a title=\"La banca no suavizar\u00e1 la financiaci\u00f3n de pr\u00e9stamos pese al repunte de la demanda\" href=\"https:\/\/www.fotocasa.es\/fotocasa-life\/hipotecas-finanzas\/la-banca-suavizara-la-financiacion-de-prestamos-pese-al-repunte-de-la-demanda\/\"><strong>facilidad del cr\u00e9dito impuesta por el Banco Central Europeo (BCE)<\/strong><\/a>.<\/p>\n<p>En este sentido, ha se\u00f1alado que las perspectivas \u00abmantienen el mismo tono bajista\u00bb para el Eur\u00edbor en todos sus plazos, por lo que \u00abnadie espera, a d\u00eda de hoy, subidas en el tipo interbancario a pesar de los buenos datos macroecon\u00f3micos mostrados por la Eurozona durante 2015\u00bb.<\/p>\n<p>D\u00edez ha precisado que el \u00faltimo dato de sentimiento empresarial mostraba un fortalecimiento a nivel europeo. Adem\u00e1s, ha apuntado que la decisi\u00f3n del BCE de mantener el programa de <a title=\"El BCE invertir\u00e1 60.000 millones de euros al mes en activos desde marzo y hasta septiembre de 2016\" href=\"https:\/\/www.fotocasa.es\/fotocasa-life\/hipotecas-finanzas\/el-bce-invertira-60-000-millones-de-euros-al-mes-en-activos-desde-marzo-y-hasta-septiembre-de-2016\/\"><strong>compra de deuda p\u00fablica<\/strong><\/a> hasta septiembre de 2016 \u00abtranquiliza a los mercados financieros y favorece que estos tipos tan bajos vayan a mantenerse en el tiempo\u00bb.<\/p>\n<p>\u00abLa oportunidad para el sector privado es \u00fanica\u00bb, ha afirmado el experto, quien ha a\u00f1adido que durante los pr\u00f3ximos meses se ver\u00e1n nuevas ca\u00eddas, aunque la profundidad de las mismas ser\u00e1 \u00abmuy limitada\u00bb. \u00abLa recuperaci\u00f3n econ\u00f3mica tiene un nuevo aliado para intensificar su fuerza ahora que el crudo empieza a rebotar y parece haber alcanzado un suelo\u00bb, ha agregado.<\/p>\n<p>&nbsp;<\/p>\n","protected":false},"excerpt":{"rendered":"<p>El Eur\u00edbor a tres meses, empleado especialmente en la financiaci\u00f3n a empresas, ha entrado en negativo por primera vez en la historia, estableci\u00e9ndose en el -0,001%, siguiendo as\u00ed la estela del Eur\u00edbor a un mes y a dos meses. El analista de XTB Jaime D\u00edez asegura que este hecho puede tener positivas repercusiones ante un&#8230;<\/p>\n","protected":false},"author":3,"featured_media":566,"comment_status":"open","ping_status":"open","sticky":false,"template":"","format":"standard","meta":{"_lmt_disableupdate":"yes","_lmt_disable":"","footnotes":""},"categories":[6],"tags":[323,118,136,318,824],"class_list":["post-6453","post","type-post","status-publish","format-standard","has-post-thumbnail","hentry","category-hipotecas-finanzas","tag-bce","tag-economia","tag-euribor","tag-eurozona","tag-financiacion"],"modified_by":"Albert PC","_links":{"self":[{"href":"https:\/\/www.fotocasa.es\/fotocasa-life\/wp-json\/wp\/v2\/posts\/6453","targetHints":{"allow":["GET"]}}],"collection":[{"href":"https:\/\/www.fotocasa.es\/fotocasa-life\/wp-json\/wp\/v2\/posts"}],"about":[{"href":"https:\/\/www.fotocasa.es\/fotocasa-life\/wp-json\/wp\/v2\/types\/post"}],"author":[{"embeddable":true,"href":"https:\/\/www.fotocasa.es\/fotocasa-life\/wp-json\/wp\/v2\/users\/3"}],"replies":[{"embeddable":true,"href":"https:\/\/www.fotocasa.es\/fotocasa-life\/wp-json\/wp\/v2\/comments?post=6453"}],"version-history":[{"count":0,"href":"https:\/\/www.fotocasa.es\/fotocasa-life\/wp-json\/wp\/v2\/posts\/6453\/revisions"}],"wp:featuredmedia":[{"embeddable":true,"href":"https:\/\/www.fotocasa.es\/fotocasa-life\/wp-json\/wp\/v2\/media\/566"}],"wp:attachment":[{"href":"https:\/\/www.fotocasa.es\/fotocasa-life\/wp-json\/wp\/v2\/media?parent=6453"}],"wp:term":[{"taxonomy":"category","embeddable":true,"href":"https:\/\/www.fotocasa.es\/fotocasa-life\/wp-json\/wp\/v2\/categories?post=6453"},{"taxonomy":"post_tag","embeddable":true,"href":"https:\/\/www.fotocasa.es\/fotocasa-life\/wp-json\/wp\/v2\/tags?post=6453"}],"curies":[{"name":"wp","href":"https:\/\/api.w.org\/{rel}","templated":true}]}}