{"id":64381,"date":"2021-09-07T13:30:03","date_gmt":"2021-09-07T11:30:03","guid":{"rendered":"https:\/\/www.fotocasa.es\/fotocasa-life\/?p=64381"},"modified":"2021-11-11T12:25:53","modified_gmt":"2021-11-11T11:25:53","slug":"consumo-luz-eficiente","status":"publish","type":"post","link":"https:\/\/www.fotocasa.es\/fotocasa-life\/hogar\/energia\/consumo-luz-eficiente\/","title":{"rendered":"C\u00f3mo ahorrar en la factura de la luz realizando un consumo eficiente"},"content":{"rendered":"<p>Las <a href=\"https:\/\/www.fotocasa.es\/fotocasa-life\/general\/el-precio-de-la-luz-vuelve-a-subir-a-maximos-historicos-en-agosto-de-2021\/\"><strong>subidas del precio de la luz<\/strong><\/a>, el <strong>cambio de la factura el\u00e9ctrica<\/strong> o pasar m\u00e1s tiempo en casa son solo algunos de los motivos que nos pueden llevar a realizar un mayor consumo energ\u00e9tico en el hogar. Esto implica un mayor desembolso econ\u00f3mico para las familias pero, tambi\u00e9n, un mayor gasto de recursos. Cada d\u00eda somos m\u00e1s conscientes de <a href=\"https:\/\/energia.fotocasa.es\/?utm_id=fclife&amp;utm_term=link&amp;utm_content=post\" target=\"_blank\" rel=\"noopener\"><strong>la importancia de consumir de manera eficiente<\/strong><\/a>, cuidar el planeta y adquirir un estilo de vida m\u00e1s sostenible.<\/p>\n<h2>El consumo energ\u00e9tico medio en el hogar<\/h2>\n<p>Uno de los factores que incrementa el consumo de energ\u00eda en los inmuebles es el aislamiento de los edificios -se puede perder hasta un 30% de energ\u00eda en una vivienda mal aislada t\u00e9rmicamente-. Seg\u00fan el Consejo para <strong><a href=\"https:\/\/www.fotocasa.es\/fotocasa-life\/hogar\/energia\/construcciones-sostenibles-nuevos-retos-real-state\/\">Edificaci\u00f3n Sostenible<\/a><\/strong> en Espa\u00f1a, los <strong>inmuebles son los responsables del 40% de consumo de energ\u00eda<\/strong> y provocan m\u00e1s de un tercio de las emisiones CO\u2082. En total, se estima que un 97% de los edificios son ineficaces para afrontar el reto del cambio clim\u00e1tico. La eficiencia energ\u00e9tica es un factor cada vez m\u00e1s relevante en la <strong><a href=\"https:\/\/www.fotocasa.es\/\">compraventa de vivienda<\/a><\/strong>.<\/p>\n<p>Por esta raz\u00f3n, <strong>el 50% del gasto de energ\u00eda en los hogares est\u00e1 generado por la <a href=\"https:\/\/www.fotocasa.es\/fotocasa-life\/hipotecas-finanzas\/ahorrar-con-aire-acondicionado\/\">calefacci\u00f3n y el aire acondicionado<\/a>.<\/strong> La climatizaci\u00f3n de la vivienda consume de media unos <strong>5.300 kWh anuales.<\/strong><\/p>\n<p>En segunda posici\u00f3n nos encontramos el gasto que generan los <strong>electrodom\u00e9sticos y el agua caliente, ambos consumen de media en torno a los 1.900 kWh.<\/strong> Por \u00faltimo, <strong>la iluminaci\u00f3n con unos 400 hWh anuales.<\/strong><\/p>\n<p>Mejorar estos consumos est\u00e1 en nuestra mano y basta con tomar conciencia y llevar a la pr\u00e1ctica una serie de buenos h\u00e1bitos.<\/p>\n<h2>Consejos para un consumo de luz eficiente<\/h2>\n<h3><img loading=\"lazy\" decoding=\"async\" class=\"aligncenter wp-image-64384 size-full\" title=\"Reducir el consumo de luz\" src=\"https:\/\/www.fotocasa.es\/fotocasa-life\/wp-content\/uploads\/2021\/09\/Factura-luz.jpg\" alt=\"Consumo luz\" width=\"1081\" height=\"5610\" srcset=\"https:\/\/www.fotocasa.es\/fotocasa-life\/wp-content\/uploads\/2021\/09\/Factura-luz.jpg 231w, https:\/\/www.fotocasa.es\/fotocasa-life\/wp-content\/uploads\/2021\/09\/Factura-luz-58x300.jpg 58w, https:\/\/www.fotocasa.es\/fotocasa-life\/wp-content\/uploads\/2021\/09\/Factura-luz-29x150.jpg 29w, https:\/\/www.fotocasa.es\/fotocasa-life\/wp-content\/uploads\/2021\/09\/Factura-luz-768x3986.jpg 768w, https:\/\/www.fotocasa.es\/fotocasa-life\/wp-content\/uploads\/2021\/09\/Factura-luz-296x1536.jpg 296w\" sizes=\"auto, (max-width: 1081px) 100vw, 1081px\" \/><\/h3>\n<h3>Mejorar los sistemas de aislamiento<\/h3>\n<p>Un estudio de la Escuela T\u00e9cnica Superior de Edificaci\u00f3n de la Universidad Polit\u00e9cnica de Madrid afirma que<strong> los sistemas de aislamiento t\u00e9rmico exterior (SATE) reducen hasta un 57% la p\u00e9rdida de energ\u00eda<\/strong> de los inmuebles.<\/p>\n<p>Con el nuevo programa del Gobierno denominado \u00abPlan de Recuperaci\u00f3n, Transformaci\u00f3n y Resiliencia de la Econom\u00eda espa\u00f1ola\u00bb y destinado a diferentes programas de rehabilitaci\u00f3n de edificios, con el foco en la eficiencia energ\u00e9tica, los propietarios podr\u00e1n beneficiarse de ayudas que van desde el 35% al 100% del coste de la obra de mejora del edificio.<\/p>\n<h3>Revisar el estado de los equipos<\/h3>\n<p>Un aparato en mal estado consume m\u00e1s energ\u00eda. Mantener todos los equipos en el estado \u00f3ptimo de su rendimiento es indispensables para no consumir m\u00e1s recursos de los necesarios. Basta con seguir las especificaciones de los fabricantes y <strong>llevar a cabo los mantenimientos puntualmente.<\/strong><\/p>\n<p>En el caso de ser necesario un cambio, buscar siempre aquellos que cuenten con la etiqueta energ\u00e9tica A+++, que suponen un consumo el\u00e9ctrico mucho menor.<\/p>\n<h3>Ahorra en la factura al contratar la potencia adecuada<\/h3>\n<p>Es importante<strong> revisar que la potencia contratada en el hogar se adec\u00faa a las necesidades y consumos.<\/strong><\/p>\n<ul>\n<li>Si es menor, saltar\u00e1n los plomos y habr\u00e1 cortes de luz.<\/li>\n<li>Si es mayor, se pagar\u00e1 m\u00e1s.<\/li>\n<\/ul>\n<p>Para comprobar que la potencia es la \u00f3ptima se deben analizar los consumos anteriores -\u00faltimo a\u00f1o-, para revisar cu\u00e1l ha sido el consumo m\u00e1ximo y si se adec\u00faa al contratado. Por ejemplo, si se tiene una potencia contratada de 5,5 kWh pero el m\u00e1ximo alcanzado en el \u00faltimo a\u00f1o ha sido de 4,40 kWh, tendremos contratado 1,1 kWh de m\u00e1s. Esto se traduce en un ahorro de m\u00e1s de 100 euros anuales, seg\u00fan datos de Selectra.<\/p>\n<p>Algunas compa\u00f1\u00edas el\u00e9ctricas disponen de calculadoras de potencia que ayudan a calcular la potencia el\u00e9ctrica recomendada en funci\u00f3n del consumo.<\/p>\n<h3>Controlar los horarios de consumo de la luz<\/h3>\n<p>Con la entrada en vigor de la <strong><a href=\"https:\/\/www.fotocasa.es\/fotocasa-life\/hogar\/energia\/conoce-todos-los-detalles-sobre-la-nueva-factura-de-la-luz\/\">nueva factura el\u00e9ctrica<\/a><\/strong> el 1 de junio, el Gobierno pretende potenciar el consumo eficiente y apremiar el ahorro. Para ello, puso en marcha la discriminaci\u00f3n horaria que favorece los horarios de menos consumo, abaratando los costes en estos tramos, que se quedar\u00edan repartidos de la siguiente manera:<\/p>\n<ul>\n<li><strong>Punta:<\/strong> de 10h a 14h y de 18h a 22h de lunes a viernes.<\/li>\n<li><strong>Llano:<\/strong> de 8h a 10h, de 14h a 18h y de 22h a 24h de lunes a viernes.<\/li>\n<li><strong>Valle:<\/strong> de 00h a 8h de lunes a viernes, fines de semanas y festivos nacionales.<\/li>\n<\/ul>\n<p><strong>Programar los electrodom\u00e9sticos<\/strong> para ser utilizados en horario valle o llano -lavadora, lavavajillas, secadora, calentador de agua, etc.- puede ser una gran ayuda en la reducci\u00f3n del consumo. Si los aparatos no tienen esta opci\u00f3n, en los enchufes se pueden instalar programadores.<\/p>\n<p>No hay que olvidarse de apagar los <strong>aparatos el\u00e9ctricos cuando no se est\u00e1n utilizando<\/strong> y evitar el <em>stand by<\/em> o consumo silencioso -ordenadores, televisi\u00f3n, microondas, wifi, etc.-.<\/p>\n","protected":false},"excerpt":{"rendered":"<p>Las subidas del precio de la luz, el cambio de la factura el\u00e9ctrica o pasar m\u00e1s tiempo en casa son solo algunos de los motivos que nos pueden llevar a realizar un mayor consumo energ\u00e9tico en el hogar. Esto implica un mayor desembolso econ\u00f3mico para las familias pero, tambi\u00e9n, un mayor gasto de recursos. Cada&#8230;<\/p>\n","protected":false},"author":3,"featured_media":64382,"comment_status":"open","ping_status":"closed","sticky":false,"template":"","format":"standard","meta":{"_lmt_disableupdate":"yes","_lmt_disable":"","footnotes":""},"categories":[5],"tags":[4114,75,437],"class_list":["post-64381","post","type-post","status-publish","format-standard","has-post-thumbnail","hentry","category-energia","tag-ahorro-de-energia","tag-consejos","tag-factura-de-la-luz"],"modified_by":"Agustina Battioli","_links":{"self":[{"href":"https:\/\/www.fotocasa.es\/fotocasa-life\/wp-json\/wp\/v2\/posts\/64381","targetHints":{"allow":["GET"]}}],"collection":[{"href":"https:\/\/www.fotocasa.es\/fotocasa-life\/wp-json\/wp\/v2\/posts"}],"about":[{"href":"https:\/\/www.fotocasa.es\/fotocasa-life\/wp-json\/wp\/v2\/types\/post"}],"author":[{"embeddable":true,"href":"https:\/\/www.fotocasa.es\/fotocasa-life\/wp-json\/wp\/v2\/users\/3"}],"replies":[{"embeddable":true,"href":"https:\/\/www.fotocasa.es\/fotocasa-life\/wp-json\/wp\/v2\/comments?post=64381"}],"version-history":[{"count":0,"href":"https:\/\/www.fotocasa.es\/fotocasa-life\/wp-json\/wp\/v2\/posts\/64381\/revisions"}],"wp:featuredmedia":[{"embeddable":true,"href":"https:\/\/www.fotocasa.es\/fotocasa-life\/wp-json\/wp\/v2\/media\/64382"}],"wp:attachment":[{"href":"https:\/\/www.fotocasa.es\/fotocasa-life\/wp-json\/wp\/v2\/media?parent=64381"}],"wp:term":[{"taxonomy":"category","embeddable":true,"href":"https:\/\/www.fotocasa.es\/fotocasa-life\/wp-json\/wp\/v2\/categories?post=64381"},{"taxonomy":"post_tag","embeddable":true,"href":"https:\/\/www.fotocasa.es\/fotocasa-life\/wp-json\/wp\/v2\/tags?post=64381"}],"curies":[{"name":"wp","href":"https:\/\/api.w.org\/{rel}","templated":true}]}}