{"id":6428,"date":"2015-04-22T12:40:02","date_gmt":"2015-04-22T10:40:02","guid":{"rendered":"https:\/\/www.fotocasa.es\/fotocasa-life\/?p=6428"},"modified":"2020-11-27T11:30:47","modified_gmt":"2020-11-27T10:30:47","slug":"el-precio-medio-de-la-vivienda-cae-un-31-interanual-segun-tinsa","status":"publish","type":"post","link":"https:\/\/www.fotocasa.es\/fotocasa-life\/compraventa\/el-precio-medio-de-la-vivienda-cae-un-31-interanual-segun-tinsa\/","title":{"rendered":"El precio medio de la vivienda cae un 3,1% interanual, seg\u00fan Tinsa"},"content":{"rendered":"<p>Los precios medios de las viviendas nuevas y usadas han registrado un descenso del 3,1% interanual en el primer trimestre de 2015, seg\u00fan el <a title=\"Tinsa\" href=\"http:\/\/www.tinsa.es\/es\/research\/imie\/mercados-locales\/\" target=\"_blank\" rel=\"noopener noreferrer\"><strong>\u00edndice Tinsa IMIE Mercados Locales<\/strong><\/a>. Los datos reflejan que contin\u00faa la moderaci\u00f3n de ca\u00eddas en el nivel medio de los precios en Espa\u00f1a.<\/p>\n<p>Con respecto <a title=\"El precio de la vivienda modera su ca\u00edda en marzo hasta el 2,8%, seg\u00fan Tinsa\" href=\"https:\/\/www.fotocasa.es\/fotocasa-life\/compraventa\/el-precio-de-la-vivienda-modera-su-caida-en-marzo-hasta-el-28-segun-tinsa\/\"><strong>al mes de marzo<\/strong><\/a>, el precio medio en Espa\u00f1a muestra una ca\u00edda interanual del 2,8%, lo que confirma el avance progresivo en el aterrizaje de los precios.<\/p>\n<p>Por capitales, han registrado subidas en sus precios medios, en los primeros meses de 2015 respecto al mismo periodo del ejercicio anterior, Burgos (5,4%), Palma de Mallorca (1,8%), Barcelona (1,7%) y M\u00e1laga (0,1%).<\/p>\n<p>En el otro extremo, \u00c1vila se mantiene como la capital con el mayor ajuste de precios desde m\u00e1ximos de 2007, seg\u00fan el \u00edndice, con un descenso del 57,2%. Le siguen en intensidad de ca\u00edda Zaragoza (57,1%), Guadalajara y Gerona, ambas con un descenso del 55,7%.<\/p>\n<p>Adem\u00e1s, han incrementado sus precios las provincias de Teruel (1,2%), Palencia (0,8%), Santa Cruz de Tenerife (0,5%), Baleares (0,5%) y La Coru\u00f1a (0,2%), aunque en este caso los datos son a\u00fan provisionales. La mayor\u00eda de localizaciones con signo positivo se caracterizan por mejoras de solo unas d\u00e9cimas, m\u00e1s pr\u00f3ximas a la <a title=\"BBVA asegura que la actual demanda de pisos anticipa la \u201cestabilizaci\u00f3n\u201d de precios\" href=\"https:\/\/www.fotocasa.es\/fotocasa-life\/alquiler\/bbva-asegura-que-la-actual-demanda-de-pisos-anticipa-la-estabilizacion-de-precios\/\"><strong>idea de estabilizaci\u00f3n<\/strong><\/a> que de incremento.<\/p>\n<p>Por otro lado, los mayores descensos en t\u00e9rminos interanuales se han registrado en las provincias de L\u00e9rida, Navarra, Asturias y \u00c1lava, donde el precio medio se ha abaratado un 13,2%, un 12,8%, un 11,9% y un 11%, respectivamente.<\/p>\n<p>En esta l\u00ednea, el IMIE pone de manifiesto las distintas velocidades a las que se est\u00e1 realizando el ajuste. Los indicios de recuperaci\u00f3n de precios en algunos mercados contrastan con ca\u00eddas interanuales significativas en otros. Al menos cuatro capitales y cuatro provincias contin\u00faan con descensos superiores al 10% en comparaci\u00f3n con el mismo periodo del a\u00f1o anterior.<\/p>\n<p>Baleares, con un incremento del 0,5%, es la \u00fanica regi\u00f3n que ha registrado en el primer trimestre un crecimiento superior al de un a\u00f1o antes. Otras ocho comunidades se mueven en descensos de entre el 2% y el 4% respecto a hace un a\u00f1o, siendo Extremadura (2,1%), Galicia (2,5%), Canarias (2,8%) y Comunidad de Madrid (2,9%) las que registran menores ca\u00eddas.<\/p>\n<p>Por otro lado, el peor comportamiento ha correspondido Navarra y Asturias, donde los precios son un 12,8% y un 11,7% m\u00e1s baratos que en el primer trimestre de 2014.<\/p>\n<p>Los mayores descensos desde m\u00e1ximos de 2007 corresponden a Castilla La Mancha (52,8%), Catalu\u00f1a (51%), Arag\u00f3n (49,6%) y Madrid (48,5%). Solo cinco regiones han abaratado menos de un 40% su precio medio tras siete a\u00f1os de crisis: Pa\u00eds Vasco, Asturias, Galicia, Baleares y Extremadura.<\/p>\n<p>Asimismo, este trimestre no est\u00e1 disponible la estad\u00edstica de precios, por considerarse no representativa, en La Rioja y en las Ciudades Aut\u00f3nomas de Ceuta y Melilla.<\/p>\n<p>&nbsp;<\/p>\n","protected":false},"excerpt":{"rendered":"<p>Los precios medios de las viviendas nuevas y usadas han registrado un descenso del 3,1% interanual en el primer trimestre de 2015, seg\u00fan el \u00edndice Tinsa IMIE Mercados Locales. Los datos reflejan que contin\u00faa la moderaci\u00f3n de ca\u00eddas en el nivel medio de los precios en Espa\u00f1a. Con respecto al mes de marzo, el precio&#8230;<\/p>\n","protected":false},"author":3,"featured_media":833,"comment_status":"open","ping_status":"open","sticky":false,"template":"","format":"standard","meta":{"_lmt_disableupdate":"yes","_lmt_disable":"","footnotes":""},"categories":[3],"tags":[135,469,207,208,998,213,309,600],"class_list":["post-6428","post","type-post","status-publish","format-standard","has-post-thumbnail","hentry","category-compraventa","tag-estudios","tag-imie-general","tag-precio-de-la-vivienda","tag-precio-de-la-vivienda-de-segunda-mano","tag-precio-medio-venta","tag-precio-medio-vivienda","tag-tinsa","tag-vivienda-nueva"],"modified_by":"Albert PC","_links":{"self":[{"href":"https:\/\/www.fotocasa.es\/fotocasa-life\/wp-json\/wp\/v2\/posts\/6428","targetHints":{"allow":["GET"]}}],"collection":[{"href":"https:\/\/www.fotocasa.es\/fotocasa-life\/wp-json\/wp\/v2\/posts"}],"about":[{"href":"https:\/\/www.fotocasa.es\/fotocasa-life\/wp-json\/wp\/v2\/types\/post"}],"author":[{"embeddable":true,"href":"https:\/\/www.fotocasa.es\/fotocasa-life\/wp-json\/wp\/v2\/users\/3"}],"replies":[{"embeddable":true,"href":"https:\/\/www.fotocasa.es\/fotocasa-life\/wp-json\/wp\/v2\/comments?post=6428"}],"version-history":[{"count":0,"href":"https:\/\/www.fotocasa.es\/fotocasa-life\/wp-json\/wp\/v2\/posts\/6428\/revisions"}],"wp:featuredmedia":[{"embeddable":true,"href":"https:\/\/www.fotocasa.es\/fotocasa-life\/wp-json\/wp\/v2\/media\/833"}],"wp:attachment":[{"href":"https:\/\/www.fotocasa.es\/fotocasa-life\/wp-json\/wp\/v2\/media?parent=6428"}],"wp:term":[{"taxonomy":"category","embeddable":true,"href":"https:\/\/www.fotocasa.es\/fotocasa-life\/wp-json\/wp\/v2\/categories?post=6428"},{"taxonomy":"post_tag","embeddable":true,"href":"https:\/\/www.fotocasa.es\/fotocasa-life\/wp-json\/wp\/v2\/tags?post=6428"}],"curies":[{"name":"wp","href":"https:\/\/api.w.org\/{rel}","templated":true}]}}