{"id":64085,"date":"2021-08-25T12:30:21","date_gmt":"2021-08-25T10:30:21","guid":{"rendered":"https:\/\/www.fotocasa.es\/fotocasa-life\/?p=64085"},"modified":"2021-08-25T13:31:23","modified_gmt":"2021-08-25T11:31:23","slug":"volviendo-a-los-origenes-asi-es-vivir-en-un-pueblo-en-el-siglo-xxi","status":"publish","type":"post","link":"https:\/\/www.fotocasa.es\/fotocasa-life\/sector\/volviendo-a-los-origenes-asi-es-vivir-en-un-pueblo-en-el-siglo-xxi\/","title":{"rendered":"Volviendo a los or\u00edgenes: as\u00ed es vivir en un pueblo en el siglo XXI"},"content":{"rendered":"<p>Una de las muchas consecuencias que ya ha tenido la pandemia es que ha <strong>estrechado nuestras casas.<\/strong> El confinamiento hizo las habitaciones repetitivas, los muebles aburridos, las vistas \u2014cuando las hab\u00eda\u2014, paisajes trillados. Recorrer d\u00eda tras d\u00eda las mismas cuatro paredes tiene sus consecuencias: hoy no nos extra\u00f1a que a la hora de <strong>buscar un nuevo hogar<\/strong> punt\u00faen extra criterios como la luz, el espacio o la cercan\u00eda a un entorno natural. Hoy no es tan raro <strong>querer vivir en el pueblo.<\/strong><\/p>\n<p>No hay datos oficiales al respecto. Incluso los hay que parecen ir en contra, como l<a href=\"https:\/\/www.ine.es\/dyngs\/INEbase\/es\/operacion.htm?c=Estadistica_C&amp;cid=1254736177000&amp;menu=ultiDatos&amp;idp=1254735573002\" target=\"_blank\" rel=\"noopener\">a estad\u00edstica del INE sobre las migraciones interiores del primer semestre de 2020<\/a>, que arroja unas cifras menores que las de a\u00f1os precedentes. No importa la comunidad aut\u00f3noma que se mire: todas ellas han enviado a menos personas que en a\u00f1os anteriores y, l\u00f3gicamente, recibido tambi\u00e9n <strong>menos migrantes nacionales.<\/strong><\/p>\n<p>En el primer semestre de 2020, salieron de Catalu\u00f1a 12.498 personas con destino a otras comunidades. Se trata de un n\u00famero bastante menor que el de 2019 y el de 2018, ambos con m\u00e1s de 17.000 emigrantes auton\u00f3micos.<\/p>\n","protected":false},"excerpt":{"rendered":"<p>Tranquilidad, espacios abiertos\u2026 otra forma de vivir. Los motivos para \u201cvolver al pueblo\u201d o \u201cal campo\u201d var\u00edan de una persona a otra. Sin saber a\u00fan si se trata de una aut\u00e9ntica tendencia o algo puntual algo est\u00e1 claro: lo natural nos llama.<\/p>\n","protected":false},"author":3,"featured_media":64090,"comment_status":"open","ping_status":"closed","sticky":false,"template":"","format":"standard","meta":{"_lmt_disableupdate":"yes","_lmt_disable":"","footnotes":""},"categories":[2327],"tags":[3124,4589],"class_list":["post-64085","post","type-post","status-publish","format-standard","has-post-thumbnail","hentry","category-sector","tag-casa-en-el-pueblo","tag-vivir-en-el-pueblo"],"modified_by":"Agustina Battioli","_links":{"self":[{"href":"https:\/\/www.fotocasa.es\/fotocasa-life\/wp-json\/wp\/v2\/posts\/64085","targetHints":{"allow":["GET"]}}],"collection":[{"href":"https:\/\/www.fotocasa.es\/fotocasa-life\/wp-json\/wp\/v2\/posts"}],"about":[{"href":"https:\/\/www.fotocasa.es\/fotocasa-life\/wp-json\/wp\/v2\/types\/post"}],"author":[{"embeddable":true,"href":"https:\/\/www.fotocasa.es\/fotocasa-life\/wp-json\/wp\/v2\/users\/3"}],"replies":[{"embeddable":true,"href":"https:\/\/www.fotocasa.es\/fotocasa-life\/wp-json\/wp\/v2\/comments?post=64085"}],"version-history":[{"count":0,"href":"https:\/\/www.fotocasa.es\/fotocasa-life\/wp-json\/wp\/v2\/posts\/64085\/revisions"}],"wp:featuredmedia":[{"embeddable":true,"href":"https:\/\/www.fotocasa.es\/fotocasa-life\/wp-json\/wp\/v2\/media\/64090"}],"wp:attachment":[{"href":"https:\/\/www.fotocasa.es\/fotocasa-life\/wp-json\/wp\/v2\/media?parent=64085"}],"wp:term":[{"taxonomy":"category","embeddable":true,"href":"https:\/\/www.fotocasa.es\/fotocasa-life\/wp-json\/wp\/v2\/categories?post=64085"},{"taxonomy":"post_tag","embeddable":true,"href":"https:\/\/www.fotocasa.es\/fotocasa-life\/wp-json\/wp\/v2\/tags?post=64085"}],"curies":[{"name":"wp","href":"https:\/\/api.w.org\/{rel}","templated":true}]}}