{"id":63941,"date":"2021-08-11T13:30:12","date_gmt":"2021-08-11T11:30:12","guid":{"rendered":"https:\/\/www.fotocasa.es\/fotocasa-life\/?p=63941"},"modified":"2021-08-11T09:02:42","modified_gmt":"2021-08-11T07:02:42","slug":"ahorrar-en-la-factura-de-la-luz-mas-importante-que-nunca","status":"publish","type":"post","link":"https:\/\/www.fotocasa.es\/fotocasa-life\/hogar\/energia\/ahorrar-en-la-factura-de-la-luz-mas-importante-que-nunca\/","title":{"rendered":"Ahorrar en la factura de la luz, m\u00e1s importante que nunca"},"content":{"rendered":"<p>Durante el pasado mes de julio <strong><a href=\"https:\/\/www.fotocasa.es\/fotocasa-life\/hogar\/energia\/conoce-todos-los-detalles-sobre-la-nueva-factura-de-la-luz\/\">las tarifas de la luz<\/a> pulverizaron su r\u00e9cord<\/strong>, alcanzando m\u00e1ximos hist\u00f3ricos que llegaron a los 106,57 euros\/megavatio, seg\u00fan datos del Operador del Mercado Ib\u00e9rico de la Electricidad (OMIE), y desplazando de ese modo al del 11 de enero de 2002, superado en 2,81 euros. Los altos precios afectan a 10 millones hogares que se encuentran acogidos a la tarifa regulada.<\/p>\n<p>Junto a las elevadas tarifas, no debemos olvidar que <strong>el precio de la electricidad var\u00eda seg\u00fan la franja horaria.<\/strong> Ahora m\u00e1s que nunca, <strong>los consumidores deben adaptarse a la realidad tarifaria del mercado<\/strong> y acomodar sus h\u00e1bitos de consumo para que la factura de la luz no se dispare. Ahorrar se convierte en una prioridad en las viviendas espa\u00f1olas y, considerando que la factura de la luz anual es un gasto muy destacado en nuestras casas y, al mismo tiempo, un bien de primera necesidad, intentar rebajarlo es todo un reto.<\/p>\n<p>Uno de los aparatos que inciden en la factura de la luz son los<strong> termos el\u00e9ctricos.<\/strong> Ariston, experto mundial en soluciones de calefacci\u00f3n y agua caliente, nos ofrece las claves para sacarles el m\u00e1ximo partido y que eso se traduzca en un gran ahorro energ\u00e9tico en nuestros hogares.<\/p>\n<h2>Elegir productos eficientes<\/h2>\n<p>En Ariston no dejan de innovar para <strong>adaptar el concepto del confort a las necesidades de las personas y mejorar con ello su calidad de vida.<\/strong> El objetivo de esta innovaci\u00f3n es generar productos m\u00e1s eficientes con clases energ\u00e9ticas superiores (A) para que el consumidor puede ahorrar hasta el 50% en tu factura y, al mismo tiempo, contribuir con el medio ambiente. Actualmente, Ariston es la \u00fanica marca que ofrece termos de clase energ\u00e9tica A.<\/p>\n<h2>Adaptar el uso de nuestro termo teniendo en cuenta las franjas horarias<\/h2>\n<p><strong>Intentar consumir durante las horas valle<\/strong> en que se dan las tarifas m\u00e1s baratas o, si no fuera posible, las horas llano.<\/p>\n<h2>Elige un termo programable<\/h2>\n<p>Para adaptar el consumo del mejor modo a los horarios, elige un <strong>termo programable<\/strong>, que te permitir\u00e1 ahorrar hasta un 50% en el consumo el\u00e9ctrico gracias a los sistemas de agua caliente. Ariston ofrece distintas soluciones para optimizar su uso:<\/p>\n<ul>\n<li><strong>Conectividad.<\/strong> La posibilidad de programaci\u00f3n del termo mediante App en una gran apuesta para el ahorro. Hay productos innovadores que nos permiten conectarlos a nuestros dispositivos electr\u00f3nicos para poder controlarlos desde cualquier lugar y en cualquier momento. Ariston ofrece una gran selecci\u00f3n de aparatos \u201cconectados\u201d \u00fanicos, como por ejemplo Velis Wifi, Lydos Hybrid Wifi. Adem\u00e1s, la App Aqua Ariston NET hace la vida m\u00e1s f\u00e1cil, permitiendo una conexi\u00f3n remota a trav\u00e9s de los smartphones. Del mismo modo, este tipo de herramientas permiten cambiar de un modo sencillo la programaci\u00f3n de los aparatos de los d\u00edas entre semana a los fines de semana pudiendo programar el termo a la hora deseada, muy \u00fatil con las nuevas tarifas de la luz. Si est\u00e1s fuera de casa, vuelves de vacaciones o se te ha olvidado de programar antes de salir de casa, Ariston te lo pone en bandeja: utiliza Aqua Ariston NET para programar tu termo.<\/li>\n<li><strong>Funci\u00f3n de programaci\u00f3n (P1\/P2) integrada en el termo.<\/strong> Los modelos Lydos Plus y Lydos Hybrid de Ariston cuentan con la funci\u00f3n P1 y P2 con la que tambi\u00e9n se pueden programar hasta dos momentos de carga de agua caliente que est\u00e9n en l\u00ednea con las nuevas tarifas de la luz. Por ejemplo, reduciremos costes si programamos el termo a las 7.00 de la ma\u00f1ana a m\u00e1xima temperatura (entre 65 y 70 \u00baC) para tener agua caliente disponible a esa hora y que el termo haya trabajado durante la noche (hora valle). Si necesitamos consumir agua caliente m\u00e1s tarde, es conveniente aprovechar la carga del termo a las 17.00 haci\u00e9ndola coincidir con una hora llana. <strong>\u00bfEl resultado? Podremos conseguir un gran ahorro en la factura de la luz respecto a un termo no programable.<\/strong><\/li>\n<li><strong>Si tienes un termo mec\u00e1nico, utiliza un temporizador.<\/strong> Si tu termo no es el\u00e9ctrico y no dispone funciones de programaci\u00f3n, tambi\u00e9n es posible ahorrar en la factura de la luz utilizando un temporizador con el que se puede ajustar su funcionamiento a las horas valle.<\/li>\n<\/ul>\n<h2>Regula la temperatura del termo<\/h2>\n<p>Esto es de gran ayuda para reducir la factura de la luz. Por ejemplo, <strong>en verano, las tuber\u00edas suelen calentarse y se puede rebajar la temperatura fijada en el aparato.<\/strong> La app Aqua Arison Net que permite gestionar la temperatura del agua desde el smartphone con unos simples clics para facilitar este proceso.<\/p>\n<h2>Compra un termo el\u00e9ctrico con la capacidad que necesitas<\/h2>\n<p>Para <strong>dar con la capacidad de un termo el\u00e9ctrico adecuada<\/strong> se debe considerar cu\u00e1ntas personas viven en la casa, los h\u00e1bitos de consumo de agua caliente y la distribuci\u00f3n de dicho consumo a lo largo del d\u00eda.<\/p>\n<h2>Acierta con la ubicaci\u00f3n del termo el\u00e9ctrico<\/h2>\n<p>El lugar donde situamos el termo tiene un impacto directo en el consumo de energ\u00eda que hace. Para ahorrar en la factura de la luz, Ariston nos recomienda <strong>ubicar el termo en el interior del hogar<\/strong>, ya que as\u00ed no est\u00e1 sometido a cambios bruscos de temperatura que puedan influir en su rendimiento. Por otro lado, tambi\u00e9n es conveniente <strong>emplazarlo lo m\u00e1s cerca posible de la ducha o de la cocina<\/strong>, ya que de ese modo se limita la p\u00e9rdida de calor que se produce durante el consumo del agua.<\/p>\n<p>Como fabricante, Ariston est\u00e1 100% comprometido con sus clientes, a quienes ayuda a ahorrar en la factura de la luz. <strong>Comprando un termo el\u00e9ctrico programable y siguiendo estos sencillos consejos el consumidor notar\u00e1 la diferencia y obtendr\u00e1 una considerable reducci\u00f3n de la factura de la luz anual.<\/strong> Ariston ofrece el camino para que los usuarios creen un h\u00e1bito natural que ayude a ahorrar costes a la vez que se garantiza el m\u00e1ximo nivel de confort en sus hogares. Si buscas marcar la diferencia, est\u00e1s en el lugar adecuado.<\/p>\n","protected":false},"excerpt":{"rendered":"<p>Durante el pasado mes de julio las tarifas de la luz pulverizaron su r\u00e9cord, alcanzando m\u00e1ximos hist\u00f3ricos que llegaron a los 106,57 euros\/megavatio, seg\u00fan datos del Operador del Mercado Ib\u00e9rico de la Electricidad (OMIE), y desplazando de ese modo al del 11 de enero de 2002, superado en 2,81 euros. Los altos precios afectan a&#8230;<\/p>\n","protected":false},"author":3,"featured_media":63942,"comment_status":"open","ping_status":"closed","sticky":false,"template":"","format":"standard","meta":{"_lmt_disableupdate":"yes","_lmt_disable":"","footnotes":""},"categories":[5],"tags":[85,437,719],"class_list":["post-63941","post","type-post","status-publish","format-standard","has-post-thumbnail","hentry","category-energia","tag-consumo-electricidad","tag-factura-de-la-luz","tag-suministro-electrico"],"modified_by":"srv.es.fc-zt-dg@adevinta.com","_links":{"self":[{"href":"https:\/\/www.fotocasa.es\/fotocasa-life\/wp-json\/wp\/v2\/posts\/63941","targetHints":{"allow":["GET"]}}],"collection":[{"href":"https:\/\/www.fotocasa.es\/fotocasa-life\/wp-json\/wp\/v2\/posts"}],"about":[{"href":"https:\/\/www.fotocasa.es\/fotocasa-life\/wp-json\/wp\/v2\/types\/post"}],"author":[{"embeddable":true,"href":"https:\/\/www.fotocasa.es\/fotocasa-life\/wp-json\/wp\/v2\/users\/3"}],"replies":[{"embeddable":true,"href":"https:\/\/www.fotocasa.es\/fotocasa-life\/wp-json\/wp\/v2\/comments?post=63941"}],"version-history":[{"count":0,"href":"https:\/\/www.fotocasa.es\/fotocasa-life\/wp-json\/wp\/v2\/posts\/63941\/revisions"}],"wp:featuredmedia":[{"embeddable":true,"href":"https:\/\/www.fotocasa.es\/fotocasa-life\/wp-json\/wp\/v2\/media\/63942"}],"wp:attachment":[{"href":"https:\/\/www.fotocasa.es\/fotocasa-life\/wp-json\/wp\/v2\/media?parent=63941"}],"wp:term":[{"taxonomy":"category","embeddable":true,"href":"https:\/\/www.fotocasa.es\/fotocasa-life\/wp-json\/wp\/v2\/categories?post=63941"},{"taxonomy":"post_tag","embeddable":true,"href":"https:\/\/www.fotocasa.es\/fotocasa-life\/wp-json\/wp\/v2\/tags?post=63941"}],"curies":[{"name":"wp","href":"https:\/\/api.w.org\/{rel}","templated":true}]}}