{"id":6373,"date":"2015-04-16T15:38:22","date_gmt":"2015-04-16T13:38:22","guid":{"rendered":"https:\/\/www.fotocasa.es\/fotocasa-life\/?p=6373"},"modified":"2020-11-27T11:30:51","modified_gmt":"2020-11-27T10:30:51","slug":"el-aumento-de-las-hipotecas-puede-elevar-el-precio-de-la-vivienda-en-2015-segun-moodys","status":"publish","type":"post","link":"https:\/\/www.fotocasa.es\/fotocasa-life\/hipotecas-finanzas\/el-aumento-de-las-hipotecas-puede-elevar-el-precio-de-la-vivienda-en-2015-segun-moodys\/","title":{"rendered":"El aumento de las hipotecas puede elevar el precio de la vivienda en 2015, seg\u00fan Moody&#8217;s"},"content":{"rendered":"<p>La agencia de calificaci\u00f3n crediticia Moody&#8217;s considera que el <a title=\"La firma de hipotecas creci\u00f3 un 20% en enero y suma ocho meses de ascensos\" href=\"https:\/\/www.fotocasa.es\/fotocasa-life\/hipotecas-finanzas\/la-firma-de-hipotecas-crecio-un-20-en-enero-y-suma-ocho-meses-de-ascensos\/\"><strong>aumento del pr\u00e9stamo hipotecario<\/strong><\/a> en Espa\u00f1a podr\u00eda reforzar la recuperaci\u00f3n del mercado inmobiliario espa\u00f1ol en este 2015 y, en consecuencia, elevar los precios de la vivienda.<\/p>\n<p>\u00abEl aumento de la creaci\u00f3n de hipotecas mejorar\u00e1 probablemente la demanda en el sector inmobiliario, lo que a su vez podr\u00eda ayudar a <a title=\"El aumento del precio de la vivienda en Espa\u00f1a se aceler\u00f3 en el \u00faltimo trimestre de 2014, seg\u00fan Eurostat\" href=\"https:\/\/www.fotocasa.es\/fotocasa-life\/compraventa\/el-aumento-del-precio-de-la-vivienda-en-espana-se-acelero-en-el-ultimo-trimestre-de-2014-segun-eurostat\/\"><strong>incrementar los precios de la vivienda<\/strong><\/a>\u00ab, afirma la agencia de calificaci\u00f3n en un informe.<\/p>\n<p>El analista de Moody&#8217;s y autor del texto, Rodrigo Conde Puentes, subray\u00f3 que hist\u00f3ricamente siempre ha existido una correlaci\u00f3n positiva entre la generaci\u00f3n de hipotecas y los cambios en los precios de la vivienda. \u00abEn nuestra opini\u00f3n, el incremento del pr\u00e9stamo es probable que se traslade a unos mayores precios inmobiliarios este a\u00f1o\u00bb, incidi\u00f3.<\/p>\n<p>El informe resalta que las entidades han competido de forma activa en el primer trimestre de 2015 para ofrecer <a title=\"Las diez hipotecas con un diferencial m\u00e1s bajo en marzo de 2015\" href=\"https:\/\/www.fotocasa.es\/fotocasa-life\/hipotecas-finanzas\/las-diez-hipotecas-con-un-diferencial-mas-bajo-en-marzo-de-2015\/\"><strong>tipos de inter\u00e9s<\/strong><\/a> en hipotecas cercanos a los niveles precios a la crisis.<\/p>\n<p>En esta l\u00ednea, a\u00f1ade que el aumento del cr\u00e9dito hipotecario ayudara a aliviar los descensos de los precios de la vivienda si viene acompa\u00f1ado de buenas condiciones econ\u00f3micas, bajos tipos de inter\u00e9s y menores embargos.<\/p>\n<p>Sin embargo, remarca que la potencial recuperaci\u00f3n de los precios de la vivienda en Espa\u00f1a ser\u00e1 desigual, ya que las zonas costeras tienen un mayor <a title=\"La banca reduce su stock de viviendas un 3,3% desde enero\" href=\"https:\/\/www.fotocasa.es\/fotocasa-life\/compraventa\/la-banca-reduce-su-stock-de-viviendas-un-33-desde-enero\/\"><strong>stock de viviendas<\/strong><\/a> sin vender que las regiones del centro y el Norte. Adem\u00e1s, agrega que el n\u00famero de viviendas nuevas sin vender evitar\u00e1 una recuperaci\u00f3n mayor y m\u00e1s r\u00e1pida de los precios.<\/p>\n<p>Asimismo, Moody&#8217;s apunta que unos pr\u00e9stamos de menor cuant\u00eda y unos bajos tipos de inter\u00e9s han mejorado el ratio de deuda respecto a ingresos de los potenciales compradores, lo que ha elevado el n\u00famero de ciudadanos a los que los bancos conceder\u00edan una hipoteca.<\/p>\n<p>Por otro lado, advierte de que el incremento en la demanda y la creaci\u00f3n de hipotecas depender\u00e1n tambi\u00e9n de que los tipos de intereses sigan siendo bajos. \u00abUna disminuci\u00f3n constante de los tipos de inter\u00e9s para las hipotecas compensar\u00e1 la ca\u00edda de los salarios\u00bb, subraya.<\/p>\n<p>&nbsp;<\/p>\n","protected":false},"excerpt":{"rendered":"<p>La agencia de calificaci\u00f3n crediticia Moody&#8217;s considera que el aumento del pr\u00e9stamo hipotecario en Espa\u00f1a podr\u00eda reforzar la recuperaci\u00f3n del mercado inmobiliario espa\u00f1ol en este 2015 y, en consecuencia, elevar los precios de la vivienda. \u00abEl aumento de la creaci\u00f3n de hipotecas mejorar\u00e1 probablemente la demanda en el sector inmobiliario, lo que a su vez&#8230;<\/p>\n","protected":false},"author":3,"featured_media":5067,"comment_status":"open","ping_status":"open","sticky":false,"template":"","format":"standard","meta":{"_lmt_disableupdate":"yes","_lmt_disable":"","footnotes":""},"categories":[6],"tags":[484,1862,1064,777,207,998,216],"class_list":["post-6373","post","type-post","status-publish","format-standard","has-post-thumbnail","hentry","category-hipotecas-finanzas","tag-concesion-de-hipotecas","tag-hipotecas","tag-mercado-hipotecario","tag-moodys","tag-precio-de-la-vivienda","tag-precio-medio-venta","tag-prestamos-hipotecarios"],"modified_by":"Albert PC","_links":{"self":[{"href":"https:\/\/www.fotocasa.es\/fotocasa-life\/wp-json\/wp\/v2\/posts\/6373","targetHints":{"allow":["GET"]}}],"collection":[{"href":"https:\/\/www.fotocasa.es\/fotocasa-life\/wp-json\/wp\/v2\/posts"}],"about":[{"href":"https:\/\/www.fotocasa.es\/fotocasa-life\/wp-json\/wp\/v2\/types\/post"}],"author":[{"embeddable":true,"href":"https:\/\/www.fotocasa.es\/fotocasa-life\/wp-json\/wp\/v2\/users\/3"}],"replies":[{"embeddable":true,"href":"https:\/\/www.fotocasa.es\/fotocasa-life\/wp-json\/wp\/v2\/comments?post=6373"}],"version-history":[{"count":0,"href":"https:\/\/www.fotocasa.es\/fotocasa-life\/wp-json\/wp\/v2\/posts\/6373\/revisions"}],"wp:featuredmedia":[{"embeddable":true,"href":"https:\/\/www.fotocasa.es\/fotocasa-life\/wp-json\/wp\/v2\/media\/5067"}],"wp:attachment":[{"href":"https:\/\/www.fotocasa.es\/fotocasa-life\/wp-json\/wp\/v2\/media?parent=6373"}],"wp:term":[{"taxonomy":"category","embeddable":true,"href":"https:\/\/www.fotocasa.es\/fotocasa-life\/wp-json\/wp\/v2\/categories?post=6373"},{"taxonomy":"post_tag","embeddable":true,"href":"https:\/\/www.fotocasa.es\/fotocasa-life\/wp-json\/wp\/v2\/tags?post=6373"}],"curies":[{"name":"wp","href":"https:\/\/api.w.org\/{rel}","templated":true}]}}