{"id":6345,"date":"2015-04-15T16:06:02","date_gmt":"2015-04-15T14:06:02","guid":{"rendered":"https:\/\/www.fotocasa.es\/fotocasa-life\/?p=6345"},"modified":"2015-05-12T19:57:33","modified_gmt":"2015-05-12T17:57:33","slug":"el-aumento-del-precio-de-la-vivienda-en-espana-se-acelero-en-el-ultimo-trimestre-de-2014-segun-eurostat","status":"publish","type":"post","link":"https:\/\/www.fotocasa.es\/fotocasa-life\/compraventa\/el-aumento-del-precio-de-la-vivienda-en-espana-se-acelero-en-el-ultimo-trimestre-de-2014-segun-eurostat\/","title":{"rendered":"El aumento del precio de la vivienda en Espa\u00f1a se aceler\u00f3 en el \u00faltimo trimestre de 2014, seg\u00fan Eurostat"},"content":{"rendered":"<p>La subida del precio de la vivienda en Espa\u00f1a experiment\u00f3 una marcada aceleraci\u00f3n en el \u00faltimo trimestre de 2014, cuando registr\u00f3 un alza del 1,8%, frente al 0,3% del tercer trimestre, encadenando as\u00ed tres trimestres consecutivos de incrementos, seg\u00fan los datos publicados por <a title=\"Eurostat\" href=\"http:\/\/ec.europa.eu\/eurostat\" target=\"_blank\" rel=\"noopener noreferrer\"><strong>Eurostat<\/strong><\/a>, que cifra en el 1,1% el repunte de precios en el conjunto de la eurozona.<\/p>\n<p>En comparaci\u00f3n con el trimestre precedente, <a title=\"El precio de la vivienda registra la ca\u00edda m\u00e1s suave del primer trimestre desde 2010\" href=\"https:\/\/www.fotocasa.es\/fotocasa-life\/compraventa\/el-precio-de-la-vivienda-registra-la-caida-mas-suave-del-primer-trimestre-desde-2010\/\"><strong>los precios de la vivienda en Espa\u00f1a<\/strong><\/a> experimentaron un repunte del 0,2%, en l\u00ednea con el de los tres meses anteriores, pero lejos del 1,7% del segundo trimestre.<\/p>\n<p>En la zona euro, la subida de precios de la vivienda en el cuarto trimestre fue del 1,1% interanual, frente al 0,4% del trimestre anterior, mientras que en relaci\u00f3n al tercer trimestre, los precios cayeron una d\u00e9cima.<\/p>\n<p>En el <a title=\"El precio de la vivienda en la eurozona aument\u00f3 seis d\u00e9cimas en el tercer trimestre\" href=\"https:\/\/www.fotocasa.es\/fotocasa-life\/compraventa\/el-precio-de-la-vivienda-en-la-eurozona-aumento-seis-decimas-en-el-tercer-trimestre\/\"><strong>conjunto de la UE<\/strong><\/a>, el precio de la vivienda subi\u00f3 un 2,6% interanual en el \u00faltimo trimestre de 2014, tras el 2,3% de los tres meses anteriores, mientras que el dato trimestral no experiment\u00f3 cambios, despu\u00e9s del repunte del 1,1% del tercer trimestre.<\/p>\n<p>Entre los pa\u00edses miembros de la UE cuyos datos estaban disponibles, la mayor subida interanual del precio de la vivienda se observ\u00f3 en Irlanda (16,3%), Malta (11%) y Suecia (10,4%), mientras los descensos m\u00e1s acusados correspondieron a Eslovenia (4,4%), Chipre (3,3%) y Letonia (3,2%).<\/p>\n<p>&nbsp;<\/p>\n","protected":false},"excerpt":{"rendered":"<p>La subida del precio de la vivienda en Espa\u00f1a experiment\u00f3 una marcada aceleraci\u00f3n en el \u00faltimo trimestre de 2014, cuando registr\u00f3 un alza del 1,8%, frente al 0,3% del tercer trimestre, encadenando as\u00ed tres trimestres consecutivos de incrementos, seg\u00fan los datos publicados por Eurostat, que cifra en el 1,1% el repunte de precios en el&#8230;<\/p>\n","protected":false},"author":3,"featured_media":5067,"comment_status":"open","ping_status":"open","sticky":false,"template":"","format":"standard","meta":{"_lmt_disableupdate":"yes","_lmt_disable":"","footnotes":""},"categories":[3],"tags":[285,207,213,245,286],"class_list":["post-6345","post","type-post","status-publish","format-standard","has-post-thumbnail","hentry","category-compraventa","tag-eurostat","tag-precio-de-la-vivienda","tag-precio-medio-vivienda","tag-sector-inmobiliario","tag-union-europea"],"modified_by":"Agustina Battioli","_links":{"self":[{"href":"https:\/\/www.fotocasa.es\/fotocasa-life\/wp-json\/wp\/v2\/posts\/6345","targetHints":{"allow":["GET"]}}],"collection":[{"href":"https:\/\/www.fotocasa.es\/fotocasa-life\/wp-json\/wp\/v2\/posts"}],"about":[{"href":"https:\/\/www.fotocasa.es\/fotocasa-life\/wp-json\/wp\/v2\/types\/post"}],"author":[{"embeddable":true,"href":"https:\/\/www.fotocasa.es\/fotocasa-life\/wp-json\/wp\/v2\/users\/3"}],"replies":[{"embeddable":true,"href":"https:\/\/www.fotocasa.es\/fotocasa-life\/wp-json\/wp\/v2\/comments?post=6345"}],"version-history":[{"count":0,"href":"https:\/\/www.fotocasa.es\/fotocasa-life\/wp-json\/wp\/v2\/posts\/6345\/revisions"}],"wp:featuredmedia":[{"embeddable":true,"href":"https:\/\/www.fotocasa.es\/fotocasa-life\/wp-json\/wp\/v2\/media\/5067"}],"wp:attachment":[{"href":"https:\/\/www.fotocasa.es\/fotocasa-life\/wp-json\/wp\/v2\/media?parent=6345"}],"wp:term":[{"taxonomy":"category","embeddable":true,"href":"https:\/\/www.fotocasa.es\/fotocasa-life\/wp-json\/wp\/v2\/categories?post=6345"},{"taxonomy":"post_tag","embeddable":true,"href":"https:\/\/www.fotocasa.es\/fotocasa-life\/wp-json\/wp\/v2\/tags?post=6345"}],"curies":[{"name":"wp","href":"https:\/\/api.w.org\/{rel}","templated":true}]}}