{"id":6264,"date":"2015-04-08T17:00:25","date_gmt":"2015-04-08T15:00:25","guid":{"rendered":"https:\/\/www.fotocasa.es\/fotocasa-life\/?p=6264"},"modified":"2020-11-27T11:30:56","modified_gmt":"2020-11-27T10:30:56","slug":"calendario-para-la-declaracion-de-la-renta-2014","status":"publish","type":"post","link":"https:\/\/www.fotocasa.es\/fotocasa-life\/hipotecas-finanzas\/calendario-para-la-declaracion-de-la-renta-2014\/","title":{"rendered":"Calendario para la declaraci\u00f3n de la Renta 2014"},"content":{"rendered":"<p>Ayer martes, la Agencia Tributaria dio por iniciada la nueva <a title=\"Renta 2014: novedades a tener en cuenta\" href=\"https:\/\/www.fotocasa.es\/fotocasa-life\/hipotecas-finanzas\/renta-2014-novedades-a-tener-en-cuenta\/\"><strong>Campa\u00f1a de Renta 2014<\/strong><\/a>\u00a0correspondiente al ejercicio 2014, que este a\u00f1o viene cargada de novedades como consecuencia de la entrada en vigor de la reforma fiscal aprobada el pasado mes de junio, pero \u00bfcu\u00e1les son las fechas se\u00f1aladas en el calendario?<\/p>\n<p>&nbsp;<\/p>\n<p><strong>7 de abril:<\/strong> se abre el plazo para solicitar y confirmar el borrador de la declaraci\u00f3n de la renta. Este a\u00f1o, adem\u00e1s, desde el primer d\u00eda se puede presentar la declaraci\u00f3n correspondiente al ejercicio 2014 por internet. La campa\u00f1a finaliza el pr\u00f3ximo 30 de junio.<\/p>\n<p><strong>6 de mayo:<\/strong> inicio del servicio de petici\u00f3n de Cita Previa para la confecci\u00f3n de declaraciones y modificaci\u00f3n de borradores en oficinas de la <strong>AEAT<\/strong>\u00a0y otras Administraciones. La petici\u00f3n de cita se puede hacer\u00a0por internet (24h) o llamando al 901 22 33 44 (L a V de 9 a 19h).<\/p>\n<p><strong>11 de mayo:<\/strong> comienza el plazo para presentar el borrador y la declaraci\u00f3n de la renta anual de manera f\u00edsica en las oficinas de la AEAT, entidades colaboradoras y Comunidades Aut\u00f3nomas.<\/p>\n<p><strong>25 de junio:<\/strong> \u00faltimo d\u00eda para realizar la confirmaci\u00f3n del borrador de la declaraci\u00f3n, en el caso de que el resultado sea a pagar y se haya domiciliado en cuenta.<\/p>\n<p><strong>29 de junio:<\/strong> \u00faltimo d\u00eda para solicitar la petici\u00f3n de Cita Previa.<\/p>\n<p><strong>30 de junio:<\/strong> \u00faltimo d\u00eda para presentar el borrador y la declaraci\u00f3n de 2014, si sale a devolver, si se quiere renunciar a la devoluci\u00f3n, o si se debe de pagar sin domiciliaci\u00f3n. Fecha fin de la Campa\u00f1a.<\/p>\n<p>&nbsp;<\/p>\n","protected":false},"excerpt":{"rendered":"<p>Ayer martes, la Agencia Tributaria dio por iniciada la nueva Campa\u00f1a de Renta 2014\u00a0correspondiente al ejercicio 2014, que este a\u00f1o viene cargada de novedades como consecuencia de la entrada en vigor de la reforma fiscal aprobada el pasado mes de junio, pero \u00bfcu\u00e1les son las fechas se\u00f1aladas en el calendario? &nbsp; 7 de abril: se&#8230;<\/p>\n","protected":false},"author":3,"featured_media":4663,"comment_status":"open","ping_status":"open","sticky":false,"template":"","format":"standard","meta":{"_lmt_disableupdate":"yes","_lmt_disable":"","footnotes":""},"categories":[6],"tags":[376,350,722,988],"class_list":["post-6264","post","type-post","status-publish","format-standard","has-post-thumbnail","hentry","category-hipotecas-finanzas","tag-administraciones-publicas","tag-declaracion-de-la-renta","tag-irpf","tag-ministerio-de-hacienda"],"modified_by":"Albert PC","_links":{"self":[{"href":"https:\/\/www.fotocasa.es\/fotocasa-life\/wp-json\/wp\/v2\/posts\/6264","targetHints":{"allow":["GET"]}}],"collection":[{"href":"https:\/\/www.fotocasa.es\/fotocasa-life\/wp-json\/wp\/v2\/posts"}],"about":[{"href":"https:\/\/www.fotocasa.es\/fotocasa-life\/wp-json\/wp\/v2\/types\/post"}],"author":[{"embeddable":true,"href":"https:\/\/www.fotocasa.es\/fotocasa-life\/wp-json\/wp\/v2\/users\/3"}],"replies":[{"embeddable":true,"href":"https:\/\/www.fotocasa.es\/fotocasa-life\/wp-json\/wp\/v2\/comments?post=6264"}],"version-history":[{"count":0,"href":"https:\/\/www.fotocasa.es\/fotocasa-life\/wp-json\/wp\/v2\/posts\/6264\/revisions"}],"wp:featuredmedia":[{"embeddable":true,"href":"https:\/\/www.fotocasa.es\/fotocasa-life\/wp-json\/wp\/v2\/media\/4663"}],"wp:attachment":[{"href":"https:\/\/www.fotocasa.es\/fotocasa-life\/wp-json\/wp\/v2\/media?parent=6264"}],"wp:term":[{"taxonomy":"category","embeddable":true,"href":"https:\/\/www.fotocasa.es\/fotocasa-life\/wp-json\/wp\/v2\/categories?post=6264"},{"taxonomy":"post_tag","embeddable":true,"href":"https:\/\/www.fotocasa.es\/fotocasa-life\/wp-json\/wp\/v2\/tags?post=6264"}],"curies":[{"name":"wp","href":"https:\/\/api.w.org\/{rel}","templated":true}]}}