{"id":61561,"date":"2021-06-08T13:00:31","date_gmt":"2021-06-08T11:00:31","guid":{"rendered":"https:\/\/www.fotocasa.es\/fotocasa-life\/?p=61561"},"modified":"2021-09-08T09:03:31","modified_gmt":"2021-09-08T07:03:31","slug":"conoce-todos-los-detalles-sobre-la-nueva-factura-de-la-luz","status":"publish","type":"post","link":"https:\/\/www.fotocasa.es\/fotocasa-life\/hogar\/energia\/conoce-todos-los-detalles-sobre-la-nueva-factura-de-la-luz\/","title":{"rendered":"Conoce todos los detalles sobre la nueva factura de la luz"},"content":{"rendered":"<p>Gas, agua y electricidad son los gastos dom\u00e9sticos principales. <strong><a href=\"https:\/\/www.idae.es\/uploads\/documentos\/documentos_11046_Guia_Practica_Energia_3_Ed.rev_y_actualizada_A2011_01c2c901.pdf\" target=\"_blank\" rel=\"noopener\">Seg\u00fan el IDAE<\/a><\/strong> (Instituto para la Diversificaci\u00f3n y el Ahorro de la Energ\u00eda),<strong> cada hogar gasta de media unos 1000 euros anuales en energ\u00eda<\/strong>, de la cual la electricidad representa una de las mayores fuentes de consumo.<\/p>\n<p><strong>El pasado 1 de junio entr\u00f3 en vigor la nueva factura de la luz,<\/strong> aprobada por el Gobierno, que, desde entonces, ha dado mucho que hablar, pero \u00bfsabes en qu\u00e9 se diferencia de la que hab\u00eda hasta ahora? En este post te detallamos los aspectos m\u00e1s importantes.<\/p>\n<p>&nbsp;<\/p>\n","protected":false},"excerpt":{"rendered":"<p>Gas, agua y electricidad son los gastos dom\u00e9sticos principales. Seg\u00fan el IDAE (Instituto para la Diversificaci\u00f3n y el Ahorro de la Energ\u00eda), cada hogar gasta de media unos 1000 euros anuales en energ\u00eda, de la cual la electricidad representa una de las mayores fuentes de consumo. El pasado 1 de junio entr\u00f3 en vigor la&#8230;<\/p>\n","protected":false},"author":3,"featured_media":61563,"comment_status":"open","ping_status":"closed","sticky":false,"template":"","format":"standard","meta":{"_lmt_disableupdate":"yes","_lmt_disable":"","footnotes":""},"categories":[5],"tags":[85,582,2004,437,4421,171,4313],"class_list":["post-61561","post","type-post","status-publish","format-standard","has-post-thumbnail","hentry","category-energia","tag-consumo-electricidad","tag-electricidad","tag-energia-electrica","tag-factura-de-la-luz","tag-factura-electrica","tag-luz","tag-precio-luz"],"modified_by":"Agustina Battioli","_links":{"self":[{"href":"https:\/\/www.fotocasa.es\/fotocasa-life\/wp-json\/wp\/v2\/posts\/61561","targetHints":{"allow":["GET"]}}],"collection":[{"href":"https:\/\/www.fotocasa.es\/fotocasa-life\/wp-json\/wp\/v2\/posts"}],"about":[{"href":"https:\/\/www.fotocasa.es\/fotocasa-life\/wp-json\/wp\/v2\/types\/post"}],"author":[{"embeddable":true,"href":"https:\/\/www.fotocasa.es\/fotocasa-life\/wp-json\/wp\/v2\/users\/3"}],"replies":[{"embeddable":true,"href":"https:\/\/www.fotocasa.es\/fotocasa-life\/wp-json\/wp\/v2\/comments?post=61561"}],"version-history":[{"count":0,"href":"https:\/\/www.fotocasa.es\/fotocasa-life\/wp-json\/wp\/v2\/posts\/61561\/revisions"}],"wp:featuredmedia":[{"embeddable":true,"href":"https:\/\/www.fotocasa.es\/fotocasa-life\/wp-json\/wp\/v2\/media\/61563"}],"wp:attachment":[{"href":"https:\/\/www.fotocasa.es\/fotocasa-life\/wp-json\/wp\/v2\/media?parent=61561"}],"wp:term":[{"taxonomy":"category","embeddable":true,"href":"https:\/\/www.fotocasa.es\/fotocasa-life\/wp-json\/wp\/v2\/categories?post=61561"},{"taxonomy":"post_tag","embeddable":true,"href":"https:\/\/www.fotocasa.es\/fotocasa-life\/wp-json\/wp\/v2\/tags?post=61561"}],"curies":[{"name":"wp","href":"https:\/\/api.w.org\/{rel}","templated":true}]}}