{"id":61135,"date":"2021-05-10T16:09:55","date_gmt":"2021-05-10T14:09:55","guid":{"rendered":"https:\/\/www.fotocasa.es\/fotocasa-life\/?p=61135"},"modified":"2021-05-10T16:10:26","modified_gmt":"2021-05-10T14:10:26","slug":"el-gobierno-cree-que-espana-empezara-a-recuperarse-economicamente-a-partir-de-julio","status":"publish","type":"post","link":"https:\/\/www.fotocasa.es\/fotocasa-life\/hipotecas-finanzas\/el-gobierno-cree-que-espana-empezara-a-recuperarse-economicamente-a-partir-de-julio\/","title":{"rendered":"El Gobierno cree que Espa\u00f1a empezar\u00e1 a recuperarse econ\u00f3micamente a partir de julio"},"content":{"rendered":"<p>La vicepresidenta segunda y ministra de Asuntos Econ\u00f3micos y Transformaci\u00f3n Digital, Nadia Calvi\u00f1o, ha afirmado que Espa\u00f1a est\u00e1 empezando a encarar la recuperaci\u00f3n econ\u00f3mica y se ha mostrado convencida de que esta mejora se materializar\u00e1 en la segunda parte de este a\u00f1o.<\/p>\n<p><strong>Calvi\u00f1o ha defendido las medidas impulsadas por el Gobierno en el actual contexto de pandemia,<\/strong> aunque ha admitido que no son suficientes, por lo que ha apelado a las administraciones, las empresas y el tejido social y productivo en general a que se unan para tal fin.<\/p>\n<p>La ministra ha asegurado que Espa\u00f1a est\u00e1 en un momento clave tras una etapa muy dura, por lo que el <strong>Gobierno est\u00e1 completamente centrado en iniciar esta recuperaci\u00f3n, orientada mantener la estabilidad financiera del pa\u00eds,<\/strong> seg\u00fan publica Europa Press.<\/p>\n<h2>Con el Plan de Recuperaci\u00f3n Espa\u00f1a lograr\u00e1 una econom\u00eda m\u00e1s fuerte<\/h2>\n<p>Gracias a los fondos que recibir\u00e1 de Europa, <strong>Espa\u00f1a podr\u00e1 modernizar el tejido productivo y lograr una econom\u00eda m\u00e1s fuerte a largo plazo<\/strong>. Calvi\u00f1o ha se\u00f1alado que se trata de un plan muy ambicioso de reformas e inversiones para movilizar los recursos europeos que van a llegar a Espa\u00f1a de ahora a 2026.<\/p>\n<p>De \u00e9l ha recordado que incorpora m\u00e1s de 200 medidas entre inversiones y reformas, orientadas a reinventar el pa\u00eds y convertirlo en un referente en Europa.<\/p>\n","protected":false},"excerpt":{"rendered":"<p>La vicepresidenta segunda y ministra de Asuntos Econ\u00f3micos y Transformaci\u00f3n Digital, Nadia Calvi\u00f1o, ha afirmado que Espa\u00f1a est\u00e1 empezando a encarar la recuperaci\u00f3n econ\u00f3mica y se ha mostrado convencida de que esta mejora se materializar\u00e1 en la segunda parte de este a\u00f1o. Calvi\u00f1o ha defendido las medidas impulsadas por el Gobierno en el actual contexto&#8230;<\/p>\n","protected":false},"author":3,"featured_media":61136,"comment_status":"open","ping_status":"closed","sticky":false,"template":"","format":"standard","meta":{"_lmt_disableupdate":"yes","_lmt_disable":"","footnotes":""},"categories":[6],"tags":[118,4477],"class_list":["post-61135","post","type-post","status-publish","format-standard","has-post-thumbnail","hentry","category-hipotecas-finanzas","tag-economia","tag-reuperacion-economica"],"modified_by":null,"_links":{"self":[{"href":"https:\/\/www.fotocasa.es\/fotocasa-life\/wp-json\/wp\/v2\/posts\/61135","targetHints":{"allow":["GET"]}}],"collection":[{"href":"https:\/\/www.fotocasa.es\/fotocasa-life\/wp-json\/wp\/v2\/posts"}],"about":[{"href":"https:\/\/www.fotocasa.es\/fotocasa-life\/wp-json\/wp\/v2\/types\/post"}],"author":[{"embeddable":true,"href":"https:\/\/www.fotocasa.es\/fotocasa-life\/wp-json\/wp\/v2\/users\/3"}],"replies":[{"embeddable":true,"href":"https:\/\/www.fotocasa.es\/fotocasa-life\/wp-json\/wp\/v2\/comments?post=61135"}],"version-history":[{"count":0,"href":"https:\/\/www.fotocasa.es\/fotocasa-life\/wp-json\/wp\/v2\/posts\/61135\/revisions"}],"wp:featuredmedia":[{"embeddable":true,"href":"https:\/\/www.fotocasa.es\/fotocasa-life\/wp-json\/wp\/v2\/media\/61136"}],"wp:attachment":[{"href":"https:\/\/www.fotocasa.es\/fotocasa-life\/wp-json\/wp\/v2\/media?parent=61135"}],"wp:term":[{"taxonomy":"category","embeddable":true,"href":"https:\/\/www.fotocasa.es\/fotocasa-life\/wp-json\/wp\/v2\/categories?post=61135"},{"taxonomy":"post_tag","embeddable":true,"href":"https:\/\/www.fotocasa.es\/fotocasa-life\/wp-json\/wp\/v2\/tags?post=61135"}],"curies":[{"name":"wp","href":"https:\/\/api.w.org\/{rel}","templated":true}]}}