{"id":6108,"date":"2015-03-30T11:19:58","date_gmt":"2015-03-30T10:19:58","guid":{"rendered":"https:\/\/www.fotocasa.es\/fotocasa-life\/?p=6108"},"modified":"2020-11-27T11:31:04","modified_gmt":"2020-11-27T10:31:04","slug":"la-dacion-en-pago-estara-exenta-en-la-campana-de-renta-2014","status":"publish","type":"post","link":"https:\/\/www.fotocasa.es\/fotocasa-life\/hipotecas-finanzas\/la-dacion-en-pago-estara-exenta-en-la-campana-de-renta-2014\/","title":{"rendered":"La daci\u00f3n en pago estar\u00e1 exenta en la Campa\u00f1a de Renta 2014"},"content":{"rendered":"<p>Los T\u00e9cnicos del Ministerio de Hacienda (Gestha) recuerdan que la <strong>Campa\u00f1a de Renta 2014<\/strong> arrancar\u00e1 el pr\u00f3ximo 7 de abril marcada por la amnist\u00eda fiscal a los emigrantes retornados y la exenci\u00f3n de impuestos a la <a title=\"Daci\u00f3n en pago: \u00bfqu\u00e9 es y c\u00f3mo conseguirla?\" href=\"https:\/\/www.fotocasa.es\/fotocasa-life\/hipotecas-finanzas\/dacion-en-pago-que-es-y-como-conseguirla\/\"><strong>daci\u00f3n en pago<\/strong><\/a> de la vivienda habitual. Unas medidas que suponen una \u00abreacci\u00f3n directa\u00bb de la Agencia Tributaria a dos aspectos fiscales muy pol\u00e9micos surgidos en los \u00faltimos a\u00f1os, seg\u00fan Gestha.<\/p>\n<p>Por otro lado, los t\u00e9cnicos destacan que la campa\u00f1a dulcificar\u00e1 el tratamiento fiscal para aquellos contribuyentes titulares de participaciones preferentes y deuda subordinada, una situaci\u00f3n en la que se encuentra un gran n\u00famero de personas y que ha creado una importante tensi\u00f3n social a ra\u00edz de los rescates y casos de corrupci\u00f3n bancarios de los \u00faltimos tiempos.<\/p>\n<p>Otra de las grandes novedades es la fijaci\u00f3n de una \u00fanica fecha tanto para la presentaci\u00f3n de borradores <a title=\"Los contribuyentes se pueden ahorrar 2.900 euros si aprovechan la reforma del IRPF\" href=\"https:\/\/www.fotocasa.es\/fotocasa-life\/hipotecas-finanzas\/los-contribuyentes-se-pueden-ahorrar-2-900-euros-si-aprovechan-la-reforma-del-irpf\/\"><strong>del IRPF<\/strong><\/a> como de la presentaci\u00f3n de declaraciones del programa PADRE y equivalentes a trav\u00e9s de Internet, lo que supone un adelanto para agilizar al m\u00e1ximo las devoluciones.<\/p>\n<p>Sin embargo, este a\u00f1o, el sistema RENO para obtener el n\u00famero de referencia que permite acceder por Internet al borrador o datos fiscales cambia la tradicional casilla 620. Se debe facilitar adem\u00e1s del N\u00famero de Identificaci\u00f3n Fiscal (NIF), el importe de la casilla 415 de la declaraci\u00f3n del IRPF del ejercicio 2013 (&#8216;Base liquidable general sometida a gravamen&#8217;), y el n\u00famero del tel\u00e9fono m\u00f3vil en el que deseen recibir mediante SMS el n\u00famero de referencia del borrador o de los datos fiscales.<\/p>\n<p>Con este n\u00famero se podr\u00e1 confirmar el borrador, con o sin modificaci\u00f3n. En el supuesto de obtenci\u00f3n del borrador de declaraci\u00f3n por la opci\u00f3n de tributaci\u00f3n conjunta deber\u00e1 hacerse constar tambi\u00e9n el NIF del c\u00f3nyuge.<\/p>\n<p>&nbsp;<\/p>\n<p><strong>El plazo para presentar la declaraci\u00f3n termina el 30 de junio<\/strong><\/p>\n<p>El plazo para presentar las declaraciones y borradores abarcar\u00e1 desde 7 de abril al 30 de junio, ambos incluidos, en el caso de que la presentaci\u00f3n de la declaraci\u00f3n se efect\u00fae por v\u00eda electr\u00f3nica. Si la presentaci\u00f3n se realiza por cualquier otro medio o de forma presencial, los plazos son m\u00e1s ajustados, del 11 de mayo al 30 de junio, ambos incluidos.<\/p>\n<p>Los <a title=\"Gestha\" href=\"https:\/\/www.gestha.es\/\" target=\"_blank\" rel=\"noopener noreferrer\"><strong>T\u00e9cnicos<\/strong><\/a> recuerdan que no est\u00e1n obligados a declarar aquellos contribuyentes con salarios inferiores a 22.000 euros brutos anuales si proceden de un solo pagador o, bien procediendo de varios, la suma de lo percibido por el segundo y restantes no excede los 1.500 euros al a\u00f1o. En caso contrario, el l\u00edmite ser\u00e1 de 11.200 euros en lugar de 22.000.<\/p>\n<p>Asimismo, resaltan que hay que tener en cuenta que las comunidades aut\u00f3nomas tienen transferida la capacidad de aprobar sus propias deducciones en determinadas materias -como el alquiler de vivienda habitual- o realizar cambios en los tipos del IRPF, por lo que conviene estar al tanto de las peculiaridades propias de cada regi\u00f3n.<\/p>\n<p>&nbsp;<\/p>\n<p><strong>Recomendaciones a los contribuyentes<\/strong><\/p>\n<p>Por otro lado, los t\u00e9cnicos recuerdan a los contribuyentes las ventajas de los planes de pensiones, los incentivos a los &#8216;business angeles&#8217; y el capital semilla, el fin de las <a title=\"\u00bfC\u00f3mo afecta la nueva reforma fiscal a la vivienda?\" href=\"https:\/\/www.fotocasa.es\/fotocasa-life\/alquiler\/como-afecta-la-nueva-reforma-fiscal-la-vivienda\/\"><strong>deducciones por compra y alquiler<\/strong><\/a> de vivienda habitual -con algunas reservas-, la ventaja fiscal para la venta de inmuebles urbanos adquiridos en 2012 y la mayor carga fiscal que hay para las ganancias especulativas.<\/p>\n<p>De la misma forma, subrayan que los trabajadores en el extranjero pueden quedar exentos de tributaci\u00f3n por los rendimientos percibidos con un l\u00edmite m\u00e1ximo de 60.100 euros anuales y que los emprendedores que el pasado a\u00f1o se animaron a poner en marcha una Sociedad Limitada Nueva Empresa pueden deducirse el 15% de las aportaciones realizadas, con un l\u00edmite de 9.000 euros anuales. Esta deducci\u00f3n desparecer\u00e1 en 2015.<\/p>\n<p>&nbsp;<\/p>\n","protected":false},"excerpt":{"rendered":"<p>Los T\u00e9cnicos del Ministerio de Hacienda (Gestha) recuerdan que la Campa\u00f1a de Renta 2014 arrancar\u00e1 el pr\u00f3ximo 7 de abril marcada por la amnist\u00eda fiscal a los emigrantes retornados y la exenci\u00f3n de impuestos a la daci\u00f3n en pago de la vivienda habitual. Unas medidas que suponen una \u00abreacci\u00f3n directa\u00bb de la Agencia Tributaria a&#8230;<\/p>\n","protected":false},"author":3,"featured_media":1558,"comment_status":"open","ping_status":"open","sticky":false,"template":"","format":"standard","meta":{"_lmt_disableupdate":"yes","_lmt_disable":"","footnotes":""},"categories":[6],"tags":[360,350,721,288,988],"class_list":["post-6108","post","type-post","status-publish","format-standard","has-post-thumbnail","hentry","category-hipotecas-finanzas","tag-dacion-en-pago","tag-declaracion-de-la-renta","tag-exencion-de-tributacion","tag-impuestos","tag-ministerio-de-hacienda"],"modified_by":"Albert PC","_links":{"self":[{"href":"https:\/\/www.fotocasa.es\/fotocasa-life\/wp-json\/wp\/v2\/posts\/6108","targetHints":{"allow":["GET"]}}],"collection":[{"href":"https:\/\/www.fotocasa.es\/fotocasa-life\/wp-json\/wp\/v2\/posts"}],"about":[{"href":"https:\/\/www.fotocasa.es\/fotocasa-life\/wp-json\/wp\/v2\/types\/post"}],"author":[{"embeddable":true,"href":"https:\/\/www.fotocasa.es\/fotocasa-life\/wp-json\/wp\/v2\/users\/3"}],"replies":[{"embeddable":true,"href":"https:\/\/www.fotocasa.es\/fotocasa-life\/wp-json\/wp\/v2\/comments?post=6108"}],"version-history":[{"count":0,"href":"https:\/\/www.fotocasa.es\/fotocasa-life\/wp-json\/wp\/v2\/posts\/6108\/revisions"}],"wp:featuredmedia":[{"embeddable":true,"href":"https:\/\/www.fotocasa.es\/fotocasa-life\/wp-json\/wp\/v2\/media\/1558"}],"wp:attachment":[{"href":"https:\/\/www.fotocasa.es\/fotocasa-life\/wp-json\/wp\/v2\/media?parent=6108"}],"wp:term":[{"taxonomy":"category","embeddable":true,"href":"https:\/\/www.fotocasa.es\/fotocasa-life\/wp-json\/wp\/v2\/categories?post=6108"},{"taxonomy":"post_tag","embeddable":true,"href":"https:\/\/www.fotocasa.es\/fotocasa-life\/wp-json\/wp\/v2\/tags?post=6108"}],"curies":[{"name":"wp","href":"https:\/\/api.w.org\/{rel}","templated":true}]}}