{"id":61017,"date":"2021-05-03T12:46:44","date_gmt":"2021-05-03T10:46:44","guid":{"rendered":"https:\/\/www.fotocasa.es\/fotocasa-life\/?p=61017"},"modified":"2021-05-03T12:46:44","modified_gmt":"2021-05-03T10:46:44","slug":"tributacion-conjunta-del-irpf-todo-lo-que-hay-que-saber","status":"publish","type":"post","link":"https:\/\/www.fotocasa.es\/fotocasa-life\/hipotecas-finanzas\/tributacion-conjunta-del-irpf-todo-lo-que-hay-que-saber\/","title":{"rendered":"Tributaci\u00f3n conjunta del IRPF: todo lo que hay que saber"},"content":{"rendered":"<p>El Gobierno no se plantea la supresi\u00f3n de la reducci\u00f3n fiscal por tributaci\u00f3n conjunta en la declaraci\u00f3n de la renta. Esta medida tampoco figura en las reformas tributarias del Plan de Recuperaci\u00f3n, Transformaci\u00f3n y Resiliencia que ha sido remitido a Bruselas, seg\u00fan han confirmado a Europa Press fuentes del Ministerio de Hacienda.<\/p>\n<p>Sin embargo, el Gobierno ha adelantado que ha creado un grupo de expertos que emitir\u00e1 su informe en febrero del 2022; ser\u00e1 en ese momento cuando se plantee <strong>qu\u00e9 medidas fiscales hay que tomar para adaptar el sistema tributario al siglo XXI e impulsar el crecimiento y la creaci\u00f3n de empleo.<\/strong><\/p>\n<p>El Ejecutivo ha explicado que con esta medida pretende evitar que se acent\u00fae la brecha de g\u00e9nero existente en el mercado laboral. Todo, sin que, <strong>en ning\u00fan caso, esta posible reforma tributaria vaya a suponer un aumento de la carga fiscal de las familias.<\/strong><\/p>\n<h2>La medida beneficia a dos millones de hogares<\/h2>\n<p>Esta medida <strong>beneficia a dos millones de hogares y su coste asciende a unos 1.000 millones de euros al a\u00f1o<\/strong>, seg\u00fan los \u00faltimos Presupuestos Generales del Estado.<\/p>\n<p>La Autoridad Fiscal (Airef) elabor\u00f3 el a\u00f1o pasado un informe sobre los beneficios fiscales del sistema tributario espa\u00f1ol en el que repasaba las ventajas e inconvenientes de esta reducci\u00f3n en el IRPF.<strong> Calcula que el coste para las arcas p\u00fablicas de esta iniciativa asciende a 2.293 millones, y los beneficiarios son:\u00a0<\/strong><\/p>\n<ul>\n<li>4,2 millones de personas<\/li>\n<li>2,1 millones de hogares<\/li>\n<li>el 18% de los contribuyentes y<\/li>\n<li>el 17% de las familias.<\/li>\n<\/ul>\n<h2>Hasta 3400 euros de deducci\u00f3n<\/h2>\n<p><strong>La reducci\u00f3n por tributaci\u00f3n conjunta del IRPF depende de la modalidad de unidad familiar.\u00a0<\/strong><\/p>\n<ol>\n<li><strong>En el caso de declaraciones conjuntas de unidades familiares<\/strong> integradas por ambos c\u00f3nyuges no separados legalmente y, si los hubiera, los hijos menores que convivan, as\u00ed como los mayores de edad incapacitados judicialmente sujetos a patria potestad prorrogada o rehabilitada, <strong>la base imponible se reducir\u00e1 en 3.400 euros anuales.<\/strong><\/li>\n<li><strong>En declaraciones conjuntas de unidades familiares monoparentales<\/strong>, es decir, las formadas, en los casos de separaci\u00f3n legal o cuando no exista v\u00ednculo matrimonial, por el padre o la madre y todos los hijos menores o mayores de edad incapacitados judicialmente sujetos a patria potestad prorrogada o rehabilitada que convivan con uno u otra,<strong> la base imponible se reducir\u00e1 en 2.150 euros anuales.<\/strong><\/li>\n<\/ol>\n<p>En este caso, no se aplicar\u00e1 esta reducci\u00f3n cuando el contribuyente conviva con el padre o la madre de alguno de los hijos que forman parte de su unidad familiar. Y la reducci\u00f3n que proceda de las comentadas se aplicar\u00e1, en primer lugar, a la base imponible general, sin que pueda resultar negativa como consecuencia de tal minoraci\u00f3n. El remanente, si lo hubiere, minorar\u00e1 la base imponible del ahorro, que tampoco podr\u00e1 resultar negativa.<\/p>\n","protected":false},"excerpt":{"rendered":"<p>El Gobierno no se plantea la supresi\u00f3n de la reducci\u00f3n fiscal por tributaci\u00f3n conjunta en la declaraci\u00f3n de la renta. Esta medida tampoco figura en las reformas tributarias del Plan de Recuperaci\u00f3n, Transformaci\u00f3n y Resiliencia que ha sido remitido a Bruselas, seg\u00fan han confirmado a Europa Press fuentes del Ministerio de Hacienda. Sin embargo, el&#8230;<\/p>\n","protected":false},"author":3,"featured_media":61018,"comment_status":"open","ping_status":"closed","sticky":false,"template":"","format":"standard","meta":{"_lmt_disableupdate":"yes","_lmt_disable":"","footnotes":""},"categories":[6,4280],"tags":[4344,449,722,4428],"class_list":["post-61017","post","type-post","status-publish","format-standard","has-post-thumbnail","hentry","category-hipotecas-finanzas","category-fiscalidad","tag-agencia-tributaria","tag-gobierno-de-espana","tag-irpf","tag-plan-de-recuperacion"],"modified_by":null,"_links":{"self":[{"href":"https:\/\/www.fotocasa.es\/fotocasa-life\/wp-json\/wp\/v2\/posts\/61017","targetHints":{"allow":["GET"]}}],"collection":[{"href":"https:\/\/www.fotocasa.es\/fotocasa-life\/wp-json\/wp\/v2\/posts"}],"about":[{"href":"https:\/\/www.fotocasa.es\/fotocasa-life\/wp-json\/wp\/v2\/types\/post"}],"author":[{"embeddable":true,"href":"https:\/\/www.fotocasa.es\/fotocasa-life\/wp-json\/wp\/v2\/users\/3"}],"replies":[{"embeddable":true,"href":"https:\/\/www.fotocasa.es\/fotocasa-life\/wp-json\/wp\/v2\/comments?post=61017"}],"version-history":[{"count":0,"href":"https:\/\/www.fotocasa.es\/fotocasa-life\/wp-json\/wp\/v2\/posts\/61017\/revisions"}],"wp:featuredmedia":[{"embeddable":true,"href":"https:\/\/www.fotocasa.es\/fotocasa-life\/wp-json\/wp\/v2\/media\/61018"}],"wp:attachment":[{"href":"https:\/\/www.fotocasa.es\/fotocasa-life\/wp-json\/wp\/v2\/media?parent=61017"}],"wp:term":[{"taxonomy":"category","embeddable":true,"href":"https:\/\/www.fotocasa.es\/fotocasa-life\/wp-json\/wp\/v2\/categories?post=61017"},{"taxonomy":"post_tag","embeddable":true,"href":"https:\/\/www.fotocasa.es\/fotocasa-life\/wp-json\/wp\/v2\/tags?post=61017"}],"curies":[{"name":"wp","href":"https:\/\/api.w.org\/{rel}","templated":true}]}}