{"id":60868,"date":"2021-04-26T13:55:56","date_gmt":"2021-04-26T11:55:56","guid":{"rendered":"https:\/\/www.fotocasa.es\/fotocasa-life\/?p=60868"},"modified":"2021-04-26T13:56:18","modified_gmt":"2021-04-26T11:56:18","slug":"al-gobierno-le-quedan-4-dias-para-presentar-a-la-comision-europea-el-plan-de-recuperacion","status":"publish","type":"post","link":"https:\/\/www.fotocasa.es\/fotocasa-life\/hipotecas-finanzas\/al-gobierno-le-quedan-4-dias-para-presentar-a-la-comision-europea-el-plan-de-recuperacion\/","title":{"rendered":"Al Gobierno le quedan solo 4 d\u00edas para presentar a la Comisi\u00f3n Europea el Plan de Recuperaci\u00f3n"},"content":{"rendered":"<p>El Gobierno tiene que presentar esta semana a la Comisi\u00f3n Europea el Plan de Recuperaci\u00f3n con el paquete de reformas que pretende impulsar Espa\u00f1a para canalizar los 140.000 millones de fondos europeos que recibir\u00e1 hasta 2026. El Ejecutivo tambi\u00e9n tiene previsto enviar el Programa de Estabilidad, con las cifras de d\u00e9ficit previstas para los pr\u00f3ximos a\u00f1os.<\/p>\n<p>Ambos planes tienen que ser remitidos a Bruselas antes del 30 de abril, por lo que <strong>previsiblemente recibir\u00e1n el visto bueno del Gobierno en el Consejo de Ministros de ma\u00f1ana<\/strong>, seg\u00fan han trasladado a Europa Press fuentes gubernamentales.<\/p>\n<h2>\u00bfQu\u00e9 objetivos se ha marcado el Gobierno?<\/h2>\n<p>Pedro S\u00e1nchez explic\u00f3 hace dos semanas, cuando present\u00f3 el Plan de Recuperaci\u00f3n, que los objetivos fundamentales que se ha marcado el Gobierno destacan <strong>impulsar la recuperaci\u00f3n econ\u00f3mica a corto plazo y transformar la econom\u00eda espa\u00f1ola para hacerla m\u00e1s competitiva y sostenible.\u00a0<\/strong><\/p>\n<p>Del conjunto del plan se destinar\u00e1 el 39% a la transici\u00f3n ecol\u00f3gica, 29% a la transformaci\u00f3n digital, el 10,5% a educaci\u00f3n y formaci\u00f3n y un 7% para I+D+i, seg\u00fan especific\u00f3 el presidente.<\/p>\n<p>Entre las inversiones, alrededor de veinte en los pr\u00f3ximos tres a\u00f1os, el Gobierno priorizar\u00e1: <strong>vivienda, movilidad sostenible, energ\u00eda, modernizaci\u00f3n de la administraci\u00f3n p\u00fablica y digitalizaci\u00f3n.<\/strong><\/p>\n<h2>Reformas m\u00e1s controvertidas<\/h2>\n<p>El sistema de pensiones, la transformaci\u00f3n del mercado laboral, la reforma del sistema de salud, la del sistema el\u00e9ctrico, la modernizaci\u00f3n de la Justicia, la nueva econom\u00eda de los cuidados, la ley de Aguas o la reforma fiscal son las medidas que est\u00e1n generando m\u00e1s controversia.<\/p>\n<p>En total, se movilizar\u00e1n en el periodo 2021-2023 inversiones p\u00fablicas por importe aproximado de <strong>70.000 millones de euros, que tendr\u00e1n un impacto inmediato en la econom\u00eda y en el empleo este mismo a\u00f1o.<\/strong><\/p>\n<p>A la espera de que lleguen los fondos, el Gobierno ya ha incluido en los Presupuestos Generales del Estado de 2021 la canalizaci\u00f3n de m\u00e1s de 27.000 millones de euros, a financiar con dichos fondos y que se destinar\u00e1n a las inversiones y reformas recogidas en el Plan de Recuperaci\u00f3n, Transformaci\u00f3n y Resiliencia.<\/p>\n<h2>La Comisi\u00f3n Europea va con retraso<\/h2>\n<p>Mientras tanto, la Comisi\u00f3n Europea cree que no ser\u00e1 capaz de reducir el periodo de dos meses que tiene para evaluar los planes de recuperaci\u00f3n de los Estados miembro. Sin embargo, <strong>s\u00ed que considera factible que los gobiernos puedan obtener dos desembolsos antes de que acabe el a\u00f1o, el anticipo y uno adicional,<\/strong> siempre y cuando hayan cumplido todas las metas pactadas previamente con las autoridades comunitarias.<\/p>\n<p>Aunque hasta el momento <strong>solo Portugal ha enviado su documento con reformas e inversiones a la capital comunitaria, Bruselas espera recibir pronto una docena m\u00e1s<\/strong>. Por este motivo, ya ha avanzado que garantizar\u00e1 un desembolso \u00e1gil de los 800.000 millones de euros ayudas, que en el escenario m\u00e1s optimista empezar\u00edan a llegar a los respectivos gobiernos en julio.<\/p>\n","protected":false},"excerpt":{"rendered":"<p>El Gobierno tiene que presentar esta semana a la Comisi\u00f3n Europea el Plan de Recuperaci\u00f3n con el paquete de reformas que pretende impulsar Espa\u00f1a para canalizar los 140.000 millones de fondos europeos que recibir\u00e1 hasta 2026. El Ejecutivo tambi\u00e9n tiene previsto enviar el Programa de Estabilidad, con las cifras de d\u00e9ficit previstas para los pr\u00f3ximos&#8230;<\/p>\n","protected":false},"author":3,"featured_media":60869,"comment_status":"open","ping_status":"closed","sticky":false,"template":"","format":"standard","meta":{"_lmt_disableupdate":"yes","_lmt_disable":"","footnotes":""},"categories":[6],"tags":[444,449,4428],"class_list":["post-60868","post","type-post","status-publish","format-standard","has-post-thumbnail","hentry","category-hipotecas-finanzas","tag-comision-europea","tag-gobierno-de-espana","tag-plan-de-recuperacion"],"modified_by":null,"_links":{"self":[{"href":"https:\/\/www.fotocasa.es\/fotocasa-life\/wp-json\/wp\/v2\/posts\/60868","targetHints":{"allow":["GET"]}}],"collection":[{"href":"https:\/\/www.fotocasa.es\/fotocasa-life\/wp-json\/wp\/v2\/posts"}],"about":[{"href":"https:\/\/www.fotocasa.es\/fotocasa-life\/wp-json\/wp\/v2\/types\/post"}],"author":[{"embeddable":true,"href":"https:\/\/www.fotocasa.es\/fotocasa-life\/wp-json\/wp\/v2\/users\/3"}],"replies":[{"embeddable":true,"href":"https:\/\/www.fotocasa.es\/fotocasa-life\/wp-json\/wp\/v2\/comments?post=60868"}],"version-history":[{"count":0,"href":"https:\/\/www.fotocasa.es\/fotocasa-life\/wp-json\/wp\/v2\/posts\/60868\/revisions"}],"wp:featuredmedia":[{"embeddable":true,"href":"https:\/\/www.fotocasa.es\/fotocasa-life\/wp-json\/wp\/v2\/media\/60869"}],"wp:attachment":[{"href":"https:\/\/www.fotocasa.es\/fotocasa-life\/wp-json\/wp\/v2\/media?parent=60868"}],"wp:term":[{"taxonomy":"category","embeddable":true,"href":"https:\/\/www.fotocasa.es\/fotocasa-life\/wp-json\/wp\/v2\/categories?post=60868"},{"taxonomy":"post_tag","embeddable":true,"href":"https:\/\/www.fotocasa.es\/fotocasa-life\/wp-json\/wp\/v2\/tags?post=60868"}],"curies":[{"name":"wp","href":"https:\/\/api.w.org\/{rel}","templated":true}]}}