{"id":60833,"date":"2021-04-23T11:43:08","date_gmt":"2021-04-23T09:43:08","guid":{"rendered":"https:\/\/www.fotocasa.es\/fotocasa-life\/?p=60833"},"modified":"2021-04-23T11:43:08","modified_gmt":"2021-04-23T09:43:08","slug":"comunidades-dispondran-millones-parte-se-destinaran-al-acceso-a-vivienda","status":"publish","type":"post","link":"https:\/\/www.fotocasa.es\/fotocasa-life\/fiscalidad\/comunidades-dispondran-millones-parte-se-destinaran-al-acceso-a-vivienda\/","title":{"rendered":"Las comunidades dispondr\u00e1n de 162.000 millones, de los que parte se destinar\u00e1n al acceso a la vivienda"},"content":{"rendered":"<p>La ministra de Hacienda y portavoz del Gobierno, Mar\u00eda Jes\u00fas Montero, ha anticipado que las comunidades aut\u00f3nomas contar\u00e1n con m\u00e1s de 162.000 millones de euros en 2021. Ser\u00e1 gracias a los recursos del sistema de financiaci\u00f3n, las medidas extraordinarias aprobadas por el Gobierno y los fondos europeos.<\/p>\n<p>En concreto, seg\u00fan ha aclarado Montero, <strong>las autonom\u00edas dispondr\u00e1n de 113.729 millones de euros procedentes del sistema de financiaci\u00f3n, entre las entregas a cuenta y la liquidaci\u00f3n del ejercicio 2019.<\/strong> Se trata de una cuant\u00eda ligeramente inferior (1.900 millones) a la de 2020, que ser\u00e1 compensada ya que el Gobierno central se ha comprometido a financiar parte del d\u00e9ficit p\u00fablico auton\u00f3mico de este a\u00f1o.<\/p>\n<p>Los Presupuestos Generales del Estado para 2021 contemplan una dotaci\u00f3n adicional de <strong>13.486 millones para las comunidades aut\u00f3nomas, que supondr\u00e1 una transferencia que recibir\u00e1n las regiones, que no deber\u00e1n devolver, y que les permitir\u00e1 reforzar sus pol\u00edticas sociales y su modelo sanitario y educativo.<\/strong><\/p>\n<p>A estas cifras hay que sumar los 7.000 millones de euros previstos para ayudas directas a empresas y aut\u00f3nomos y a los <strong>9.760 millones de euros que recibir\u00e1n los gobiernos auton\u00f3micos para financiar pol\u00edticas de gasto destinadas al fomento del empleo, servicios sociales, educaci\u00f3n o acceso a la vivienda.<\/strong> Es una partida que crece un 42%.<\/p>\n<h2>Montero evita comentar plazos y critica al PP<\/h2>\n<p>La ministra ha evitado este jueves comentar plazos para presentar la propuesta de reforma del sistema de financiaci\u00f3n auton\u00f3mica, si bien ha pedido no confrontar a los territorios en torno a esta renovaci\u00f3n para que cuente con el mayor consenso.<\/p>\n<p><strong>Montero tambi\u00e9n ha advertido que ni siquiera dentro de las mismas formaciones pol\u00edticas existen planteamientos \u00fanicos a la hora de abordar esta reforma,<\/strong> si bien ha insistido en pedir el mayor consenso para esta renovaci\u00f3n.<\/p>\n<p><strong>Por \u00faltimo, ha cuestionado la voluntad del PP de bajar los impuestos<\/strong> y ha a\u00f1adido que en dos a\u00f1os, la presidenta de la Comunidad de Madrid, Isabel D\u00eday Ayuso no los ha bajado en dos a\u00f1os, seg\u00fan publica Europa Press.<\/p>\n","protected":false},"excerpt":{"rendered":"<p>La ministra de Hacienda y portavoz del Gobierno, Mar\u00eda Jes\u00fas Montero, ha anticipado que las comunidades aut\u00f3nomas contar\u00e1n con m\u00e1s de 162.000 millones de euros en 2021. Ser\u00e1 gracias a los recursos del sistema de financiaci\u00f3n, las medidas extraordinarias aprobadas por el Gobierno y los fondos europeos. En concreto, seg\u00fan ha aclarado Montero, las autonom\u00edas&#8230;<\/p>\n","protected":false},"author":3,"featured_media":60834,"comment_status":"open","ping_status":"closed","sticky":false,"template":"","format":"standard","meta":{"_lmt_disableupdate":"yes","_lmt_disable":"","footnotes":""},"categories":[4280,6],"tags":[2669,288,988,4239],"class_list":["post-60833","post","type-post","status-publish","format-standard","has-post-thumbnail","hentry","category-fiscalidad","category-hipotecas-finanzas","tag-hacienda","tag-impuestos","tag-ministerio-de-hacienda","tag-presupuestos-generales-del-estado"],"modified_by":"srv.es.fc-zt-dg@adevinta.com","_links":{"self":[{"href":"https:\/\/www.fotocasa.es\/fotocasa-life\/wp-json\/wp\/v2\/posts\/60833","targetHints":{"allow":["GET"]}}],"collection":[{"href":"https:\/\/www.fotocasa.es\/fotocasa-life\/wp-json\/wp\/v2\/posts"}],"about":[{"href":"https:\/\/www.fotocasa.es\/fotocasa-life\/wp-json\/wp\/v2\/types\/post"}],"author":[{"embeddable":true,"href":"https:\/\/www.fotocasa.es\/fotocasa-life\/wp-json\/wp\/v2\/users\/3"}],"replies":[{"embeddable":true,"href":"https:\/\/www.fotocasa.es\/fotocasa-life\/wp-json\/wp\/v2\/comments?post=60833"}],"version-history":[{"count":0,"href":"https:\/\/www.fotocasa.es\/fotocasa-life\/wp-json\/wp\/v2\/posts\/60833\/revisions"}],"wp:featuredmedia":[{"embeddable":true,"href":"https:\/\/www.fotocasa.es\/fotocasa-life\/wp-json\/wp\/v2\/media\/60834"}],"wp:attachment":[{"href":"https:\/\/www.fotocasa.es\/fotocasa-life\/wp-json\/wp\/v2\/media?parent=60833"}],"wp:term":[{"taxonomy":"category","embeddable":true,"href":"https:\/\/www.fotocasa.es\/fotocasa-life\/wp-json\/wp\/v2\/categories?post=60833"},{"taxonomy":"post_tag","embeddable":true,"href":"https:\/\/www.fotocasa.es\/fotocasa-life\/wp-json\/wp\/v2\/tags?post=60833"}],"curies":[{"name":"wp","href":"https:\/\/api.w.org\/{rel}","templated":true}]}}