{"id":60765,"date":"2021-04-20T12:47:58","date_gmt":"2021-04-20T10:47:58","guid":{"rendered":"https:\/\/www.fotocasa.es\/fotocasa-life\/?p=60765"},"modified":"2021-04-20T12:47:58","modified_gmt":"2021-04-20T10:47:58","slug":"calvino-hay-que-modernizar-las-ayudas-publicas-de-la-ue-para-la-recuperacion-economica","status":"publish","type":"post","link":"https:\/\/www.fotocasa.es\/fotocasa-life\/hipotecas-finanzas\/calvino-hay-que-modernizar-las-ayudas-publicas-de-la-ue-para-la-recuperacion-economica\/","title":{"rendered":"Calvi\u00f1o: \u201chay que modernizar las ayudas p\u00fablicas de la UE para la recuperaci\u00f3n econ\u00f3mica\u201d"},"content":{"rendered":"<p>La vicepresidenta segunda y ministra de Asuntos Econ\u00f3micos y Transformaci\u00f3n Digital, Nadia Calvi\u00f1o, pretende adaptar y modernizar el marco normativo de las ayudas p\u00fablicas de la Uni\u00f3n Europea para el proceso de recuperaci\u00f3n econ\u00f3mica.<\/p>\n<p>La ministra tambi\u00e9n ha avanzado que est\u00e1 dialogando con la Comisi\u00f3n Europea para que antes de la presentaci\u00f3n formal del plan de recuperaci\u00f3n las pr\u00f3ximas semanas, <strong>el Gobierno ya tenga resueltas algunas de las autorizaciones que son imprescindibles para algunos de los proyectos.<\/strong><\/p>\n<p>Calvi\u00f1o ha hecho estas declaraciones durante su intervenci\u00f3n en la presentaci\u00f3n del informe <strong>\u201cLa tercera modernizaci\u00f3n de la econom\u00eda espa\u00f1ola. Claves para aprovechar la oportunidad del Plan de Recuperaci\u00f3n\u201d<\/strong>, organizado por Analistas Financieros Internacionales (Afi), seg\u00fan publica Europa Press.<\/p>\n<h2>\u00bfEn qu\u00e9 consiste el Plan de Recuperaci\u00f3n de Espa\u00f1a?<\/h2>\n<p>El Plan de Recuperaci\u00f3n que Espa\u00f1a deber\u00e1 enviar a Bruselas antes de que finalice el mes de abril est\u00e1 articulado en cuatro ejes, se compone de 212 medidas, de las que 110 son inversiones y 102, reformas. Tiene dos objetivos fundamentales:<\/p>\n<ul>\n<li>Impulsar la recuperaci\u00f3n econ\u00f3mica en el corto plazo.<\/li>\n<li>Reconvertir y transformar la econom\u00eda espa\u00f1ola para hacerla m\u00e1s competitiva y sostenible.<\/li>\n<\/ul>\n<p>Se prev\u00e9 su aprobaci\u00f3n en el Consejo de Ministros del pr\u00f3ximo 27 de abril para enviarlo antes de que finalice el mes, fecha l\u00edmite tambi\u00e9n para presentar el Plan de Estabilidad.<\/p>\n<h2>La vivienda, uno de los sectores m\u00e1s favorecidos por el plan<\/h2>\n<p>Tras su aprobaci\u00f3n, la ministra ha explicado que <strong>habr\u00e1 proyectos en Espa\u00f1a que tendr\u00e1n un impacto inmediato, como pueden ser en materia de vivienda<\/strong> o de impulso ferroviario, mientras otros m\u00e1s maduros tendr\u00e1n un largo proceso de despliegue, dada su mayor complejidad.<\/p>\n<p>Por ello, el Gobierno ya ha establecido una hoja de ruta para los pr\u00f3ximos tres a\u00f1os, cuando se movilizar\u00e1n inversiones p\u00fablicas por importe aproximado de <strong>70.000 millones de euros, que tendr\u00e1n un impacto inmediato en la econom\u00eda y en el empleo este mismo a\u00f1o.<\/strong><\/p>\n<p>La ministra se ha mostrado optimista respecto a la situaci\u00f3n de paralizaci\u00f3n marcada por el Tribunal Constitucional alem\u00e1n para analizar el mecanismo de financiaci\u00f3n. Adem\u00e1s, ha recordado que hay un par de pa\u00edses que no han ratificado las decisiones que hay que firmar para que la Uni\u00f3n Europea pueda endeudarse con estos instrumentos.<\/p>\n","protected":false},"excerpt":{"rendered":"<p>La vicepresidenta segunda y ministra de Asuntos Econ\u00f3micos y Transformaci\u00f3n Digital, Nadia Calvi\u00f1o, pretende adaptar y modernizar el marco normativo de las ayudas p\u00fablicas de la Uni\u00f3n Europea para el proceso de recuperaci\u00f3n econ\u00f3mica. La ministra tambi\u00e9n ha avanzado que est\u00e1 dialogando con la Comisi\u00f3n Europea para que antes de la presentaci\u00f3n formal del plan&#8230;<\/p>\n","protected":false},"author":3,"featured_media":60766,"comment_status":"open","ping_status":"closed","sticky":false,"template":"","format":"standard","meta":{"_lmt_disableupdate":"yes","_lmt_disable":"","footnotes":""},"categories":[6],"tags":[3919,118,449,2295,4293,286],"class_list":["post-60765","post","type-post","status-publish","format-standard","has-post-thumbnail","hentry","category-hipotecas-finanzas","tag-ayudas","tag-economia","tag-gobierno-de-espana","tag-recuperacion-economica","tag-transformacion-digital","tag-union-europea"],"modified_by":null,"_links":{"self":[{"href":"https:\/\/www.fotocasa.es\/fotocasa-life\/wp-json\/wp\/v2\/posts\/60765","targetHints":{"allow":["GET"]}}],"collection":[{"href":"https:\/\/www.fotocasa.es\/fotocasa-life\/wp-json\/wp\/v2\/posts"}],"about":[{"href":"https:\/\/www.fotocasa.es\/fotocasa-life\/wp-json\/wp\/v2\/types\/post"}],"author":[{"embeddable":true,"href":"https:\/\/www.fotocasa.es\/fotocasa-life\/wp-json\/wp\/v2\/users\/3"}],"replies":[{"embeddable":true,"href":"https:\/\/www.fotocasa.es\/fotocasa-life\/wp-json\/wp\/v2\/comments?post=60765"}],"version-history":[{"count":0,"href":"https:\/\/www.fotocasa.es\/fotocasa-life\/wp-json\/wp\/v2\/posts\/60765\/revisions"}],"wp:featuredmedia":[{"embeddable":true,"href":"https:\/\/www.fotocasa.es\/fotocasa-life\/wp-json\/wp\/v2\/media\/60766"}],"wp:attachment":[{"href":"https:\/\/www.fotocasa.es\/fotocasa-life\/wp-json\/wp\/v2\/media?parent=60765"}],"wp:term":[{"taxonomy":"category","embeddable":true,"href":"https:\/\/www.fotocasa.es\/fotocasa-life\/wp-json\/wp\/v2\/categories?post=60765"},{"taxonomy":"post_tag","embeddable":true,"href":"https:\/\/www.fotocasa.es\/fotocasa-life\/wp-json\/wp\/v2\/tags?post=60765"}],"curies":[{"name":"wp","href":"https:\/\/api.w.org\/{rel}","templated":true}]}}