{"id":60701,"date":"2021-04-15T15:26:52","date_gmt":"2021-04-15T13:26:52","guid":{"rendered":"https:\/\/www.fotocasa.es\/fotocasa-life\/?p=60701"},"modified":"2021-04-15T15:27:14","modified_gmt":"2021-04-15T13:27:14","slug":"calvino-estima-que-los-fondos-europeos-empezaran-a-llegar-en-junio","status":"publish","type":"post","link":"https:\/\/www.fotocasa.es\/fotocasa-life\/hipotecas-finanzas\/calvino-estima-que-los-fondos-europeos-empezaran-a-llegar-en-junio\/","title":{"rendered":"Calvi\u00f1o estima que los fondos europeos empezar\u00e1n a llegar en junio y critica al PP"},"content":{"rendered":"<p>Nadia Calvi\u00f1o prev\u00e9 que la Comisi\u00f3n Europea d\u00e9 el visto bueno al Plan de Recuperaci\u00f3n del Gobierno espa\u00f1ol en junio; de forma que la prefinanciaci\u00f3n y el primer pago del total de los 140.000 millones de euros asignados a Espa\u00f1a empezar\u00e1n a llegar a partir de ese mes.<\/p>\n<p>En declaraciones a la cadena SER recogidas por Europa Press, la vicepresidenta segunda y ministra de Asuntos Econ\u00f3micos y para la Transformaci\u00f3n Digital, <strong>ha alabado la presentaci\u00f3n del Plan de Recuperaci\u00f3n que realiz\u00f3 ayer en el Congreso el presidente del Gobierno<\/strong>, Pedro S\u00e1nchez, y ha criticado al Partido Popular, que se dedic\u00f3 a \u201cproferir gritos e insultos\u201d.<\/p>\n<p>Seg\u00fan Calvi\u00f1o, la actitud de la oposici\u00f3n deja mucho que desear. De hecho, ha afirmado que e<strong>l Partido Popular solo presenta propuestas sin sentido, y que en ning\u00fan momento se ha mostrado abierto a trabajar en favor de lo que Espa\u00f1a necesita.<\/strong><\/p>\n<p>Sin embargo, la ministra ha afirmado que \u00abno tira la toalla\u00bb y espera que, en las reuniones que va a mantener en los pr\u00f3ximos d\u00edas con los partidos pol\u00edticos para explicarles el Plan de Recuperaci\u00f3n, pueda convencer al PP para que cambie su actitud.<\/p>\n<h2>\u00bfQu\u00e9 opina Bruselas de Espa\u00f1a?<\/h2>\n<p><strong>\u00abEn Europa nos miran menos de lo que creemos\u00bb,<\/strong> ha a\u00f1adido la vicepresidenta, que ha asegurado que Bruselas valora el esfuerzo del Gobierno en el Plan de Recuperaci\u00f3n y la coherencia con la que se est\u00e1 realizando. Por este motivo, ha afirmado que espera que el PP, cuyo peso en Europa es importante, no se dedique a destruir esa imagen.<\/p>\n<h2>Calendario del Plan de Recuperaci\u00f3n<\/h2>\n<p>Calvi\u00f1o ha apuntado que todav\u00eda se est\u00e1n ultimando algunos aspectos del Plan de Recuperaci\u00f3n, y que <strong>antes del pr\u00f3ximo 30 de abril, que es la fecha l\u00edmite, ya estar\u00e1 todo listo para poder presentarlo a Bruselas.\u00a0\u00a0<\/strong><\/p>\n<p>A partir de ah\u00ed, la vicepresidenta espera que la Comisi\u00f3n d\u00e9 luz verde el Plan del Gobierno en el mes de junio y que empiecen a recibirse los primeros fondos a partir de esa fecha. Sin embargo, ha recordado que la llegada de los mismos nunca ha frenado al Gobierno, que consign\u00f3 27.000 millones en los Presupuestos y que est\u00e1 emitiendo deuda para ir poniendo en marcha el Plan.<\/p>\n<p>Calvi\u00f1o tambi\u00e9n ha avanzado que <strong>su Ministerio lanzar\u00e1 en los pr\u00f3ximos d\u00edas una manifestaci\u00f3n de inter\u00e9s sobre la digitalizaci\u00f3n de las pymes<\/strong>, en el marco del Plan de Recuperaci\u00f3n.<\/p>\n","protected":false},"excerpt":{"rendered":"<p>Nadia Calvi\u00f1o prev\u00e9 que la Comisi\u00f3n Europea d\u00e9 el visto bueno al Plan de Recuperaci\u00f3n del Gobierno espa\u00f1ol en junio; de forma que la prefinanciaci\u00f3n y el primer pago del total de los 140.000 millones de euros asignados a Espa\u00f1a empezar\u00e1n a llegar a partir de ese mes. En declaraciones a la cadena SER recogidas&#8230;<\/p>\n","protected":false},"author":3,"featured_media":60702,"comment_status":"open","ping_status":"closed","sticky":false,"template":"","format":"standard","meta":{"_lmt_disableupdate":"yes","_lmt_disable":"","footnotes":""},"categories":[6],"tags":[118,4415],"class_list":["post-60701","post","type-post","status-publish","format-standard","has-post-thumbnail","hentry","category-hipotecas-finanzas","tag-economia","tag-fondos-europeos"],"modified_by":null,"_links":{"self":[{"href":"https:\/\/www.fotocasa.es\/fotocasa-life\/wp-json\/wp\/v2\/posts\/60701","targetHints":{"allow":["GET"]}}],"collection":[{"href":"https:\/\/www.fotocasa.es\/fotocasa-life\/wp-json\/wp\/v2\/posts"}],"about":[{"href":"https:\/\/www.fotocasa.es\/fotocasa-life\/wp-json\/wp\/v2\/types\/post"}],"author":[{"embeddable":true,"href":"https:\/\/www.fotocasa.es\/fotocasa-life\/wp-json\/wp\/v2\/users\/3"}],"replies":[{"embeddable":true,"href":"https:\/\/www.fotocasa.es\/fotocasa-life\/wp-json\/wp\/v2\/comments?post=60701"}],"version-history":[{"count":0,"href":"https:\/\/www.fotocasa.es\/fotocasa-life\/wp-json\/wp\/v2\/posts\/60701\/revisions"}],"wp:featuredmedia":[{"embeddable":true,"href":"https:\/\/www.fotocasa.es\/fotocasa-life\/wp-json\/wp\/v2\/media\/60702"}],"wp:attachment":[{"href":"https:\/\/www.fotocasa.es\/fotocasa-life\/wp-json\/wp\/v2\/media?parent=60701"}],"wp:term":[{"taxonomy":"category","embeddable":true,"href":"https:\/\/www.fotocasa.es\/fotocasa-life\/wp-json\/wp\/v2\/categories?post=60701"},{"taxonomy":"post_tag","embeddable":true,"href":"https:\/\/www.fotocasa.es\/fotocasa-life\/wp-json\/wp\/v2\/tags?post=60701"}],"curies":[{"name":"wp","href":"https:\/\/api.w.org\/{rel}","templated":true}]}}