{"id":6070,"date":"2015-03-26T11:49:12","date_gmt":"2015-03-26T10:49:12","guid":{"rendered":"https:\/\/www.fotocasa.es\/fotocasa-life\/?p=6070"},"modified":"2022-11-03T11:16:32","modified_gmt":"2022-11-03T10:16:32","slug":"el-congreso-da-luz-verde-a-la-ley-hipotecaria-y-del-catastro","status":"publish","type":"post","link":"https:\/\/www.fotocasa.es\/fotocasa-life\/compraventa\/el-congreso-da-luz-verde-a-la-ley-hipotecaria-y-del-catastro\/","title":{"rendered":"El Congreso da luz verde a la Ley Hipotecaria y del Catastro"},"content":{"rendered":"<p>La Comisi\u00f3n de Justicia del Congreso ha dado luz verde a la reforma de las leyes Hipotecaria y del Catastro con los votos de PP, UPyD, PNV y UPN, tras modificar el texto original con las 43 enmiendas parciales de los &#8216;populares&#8217; y tres cambios pactados con la formaci\u00f3n magenta y Uni\u00f3n del Pueblo Navarro.<\/p>\n<p>Tanto el PSOE -que present\u00f3 enmienda de totalidad al proyecto de ley- como la Izquierda Plural (IU-ICV-CHA) han votado en contra del proyecto de ley, entre otras cosas por el hecho de que no se revisen las inmatriculaciones realizadas por la Iglesia Cat\u00f3lica en las \u00faltimas d\u00e9cadas, y a las que ahora se pone fin.<\/p>\n<p>Converg\u00e8ncia i Uni\u00f3 (CiU) ha optado por la abstenci\u00f3n como queja por la presentaci\u00f3n, minutos antes del inicio de la comisi\u00f3n, de algunos cambios m\u00e1s a propuesta del PP y por la no aceptaci\u00f3n de ninguna de sus enmiendas parciales.<\/p>\n<p>&nbsp;<\/p>\n<p><strong>M\u00e1s coordinaci\u00f3n entre el registro y el catastro<\/strong><\/p>\n<p>El &#8216;popular&#8217; Gonzalo Jos\u00e9 Ord\u00f3\u00f1ez ha negado que \u00e9sta sea una ley privatizadora, alegando que tanto <strong><a title=\"10 preguntas y respuestas sobre el Registro de la Propiedad\" href=\"https:\/\/www.fotocasa.es\/fotocasa-life\/compraventa\/10-preguntas-y-respuestas-sobre-el-registro-de-la-propiedad\/\">el Registro<\/a><\/strong> como el Catastro son entidades p\u00fablicas. Y ha defendido que con esta reforma se \u00ababaratar\u00e1 el proceso de descripci\u00f3n gr\u00e1fica de las fincas y se incentivar\u00e1 una mayor seguridad jur\u00eddica\u00bb, al mejorar la coordinaci\u00f3n entre ambas instituciones.<\/p>\n<p>\u00abSe trata de una larga aspiraci\u00f3n ciudadana: la coordinaci\u00f3n entre el Catastro y el Registro en materias como la descripci\u00f3n de los bienes\u00bb, ha insistido, destacando entre las medidas t\u00e9cnicas presentadas por su grupo algunas \u00abde fondo\u00bb como la eliminaci\u00f3n del a\u00f1o de &#8216;vacatio legis&#8217; para el fin de las inmatriculaciones, lo que \u00abimpedir\u00e1 que la Iglesia pueda seguir\u00bb recurriendo a este procedimiento.<\/p>\n<p>En este sentido, ha explicado que no se pueden aceptar enmiendas de la oposici\u00f3n en esta materia, reclamando una revisi\u00f3n de las inmatriculaciones ya realizadas, alegando que la Constituci\u00f3n impide la \u00abaplicaci\u00f3n retroactiva de normas restrictivas de derechos individuales\u00bb adquiridos con anterioridad. Finalmente, ha defendido que las enmiendas presentadas poco antes del inicio del debate son \u00abt\u00e9cnicas\u00bb y hacen referencia a alegaciones de los servicios jur\u00eddicos del Congreso.<\/p>\n<p>Por su parte, el portavoz adjunto de UPyD, Carlos Mart\u00ednez Gorriar\u00e1n, ha valora la norma que, pese a ser eminentemente \u00abt\u00e9cnica\u00bb tiene un \u00abtrasfondo de inter\u00e9s\u00bb.<\/p>\n<p>&nbsp;<\/p>\n<p><strong>El proyecto se empeora<\/strong><\/p>\n<p>El diputado del PSOE V\u00edctor Morl\u00e1n se ha quejado de que las enmiendas del PP var\u00edan sustancialmente muchos aspectos del texto, \u201cno para mejorarlo, sino para empeorarlo\u00bb, ha lamentado.\u00a0Adem\u00e1s, ha insistido en que hace falta clarificar qu\u00e9 propiedades han sido inmatriculadas por la Iglesia en las \u00faltimas d\u00e9cadas y ha afirmado que el proyecto de ley \u00abdecanta la balanza hacia el Registro en dem\u00e9rito <strong><a title=\"El Catastro ampl\u00eda el plazo para regularizar inmuebles sin declarar\" href=\"https:\/\/www.fotocasa.es\/fotocasa-life\/compraventa\/el-catastro-amplia-el-plazo-para-regularizar-inmuebles-sin-declarar\/\">del Catastro<\/a><\/strong>, del Notariado y de la Administraci\u00f3n de Justicia\u00bb.<\/p>\n<p>\u00abLos registradores tendr\u00e1n la facultad para reconocer, interpretar y atribuir derechos, e inscribirlos, dejando de lado a notarios y jueces, que s\u00f3lo actuar\u00e1n en \u00faltima instancia\u00bb, ha explicado, reclamando que \u00abla informaci\u00f3n del Catastro prevalezca\u00bb sobre los asientos registrales, al contrario de lo que establece el proyecto de ley.<\/p>\n<p>&nbsp;<\/p>\n<p><strong>No garantiza la concordancia<\/strong><\/p>\n<p>El portavoz adjunto de la Izquierda Plural (IU-ICV-CHA), Joan Coscubiela, ha asegurado que comparte la \u00abnecesidad de mejorar\u00bb esta normativa para \u00abresolver <a title=\"Los registradores europeos desarrollan la primera plataforma electr\u00f3nica transfronteriza para facilitar las transmisiones inmobiliarias\" href=\"https:\/\/www.fotocasa.es\/fotocasa-life\/compraventa\/los-registradores-europeos-desarrollan-la-primera-plataforma-electronica-transfronteriza-para-facilitar-las-transmisiones-inmobiliarias\/\"><strong>conflictos entre anotaciones catastrales y registrales<\/strong><\/a>\u00ab, pero cree que el proyecto de ley \u00abno lo garantiza en algunos aspectos\u00bb, sobre todo cuando no hay concordancia entre los asientos registrales y la realidad.<\/p>\n<p>Adem\u00e1s, critica la \u00abcontinua ofensiva\u00bb del Gobierno para \u00absituar los intereses de <a title=\"Los registradores de la propiedad reaccionan ante la imposici\u00f3n de la llevanza del Registro Civil\" href=\"https:\/\/www.fotocasa.es\/fotocasa-life\/compraventa\/los-registradores-de-la-propiedad-reaccionan-ante-la-imposicion-de-la-llevanza-del-registro-civil\/\"><strong>los registradores de la propiedad<\/strong><\/a> como intereses generales\u00bb, y lamenta que se pierda la ocasi\u00f3n de \u00abestablecer un &#8216;modus operandi&#8217; distinto a futuro para exigir una representaci\u00f3n gr\u00e1fica previa a cualquier inscripci\u00f3n registral o catastral\u00bb, lo que \u00abevitar\u00eda contenciosos futuros, dar\u00eda m\u00e1s seguridad jur\u00eddica y evitar\u00eda costes a los ciudadanos\u00bb, como sucede por ejemplo en los casos de inmatriculaciones o reordenaciones urban\u00edsticas de terrenos.<\/p>\n<p>Por CiU, Jordi Jan\u00e9 ha lamentado las formas de tramitaci\u00f3n del proyecto de ley, con \u00abenmiendas que aterrizan pocos minutos antes de ser votadas\u00bb, lo que impide a su grupo apoyar un proyecto de ley \u00abnecesario\u00bb, por \u00abno conocer exactamente su contenido\u00bb. Adem\u00e1s, ha criticado que se haya \u00abperdido la ocasi\u00f3n\u00bb tanto de conseguir un acuerdo parlamentario m\u00e1s amplio como de mejorar la \u00abseguridad jur\u00eddica\u00bb mediante una \u00abmayor precisi\u00f3n\u00bb de las inscripciones con respecto a la realidad f\u00edsica.<\/p>\n<p>&nbsp;<\/p>\n","protected":false},"excerpt":{"rendered":"<p>La Comisi\u00f3n de Justicia del Congreso ha dado luz verde a la reforma de las leyes Hipotecaria y del Catastro con los votos de PP, UPyD, PNV y UPN, tras modificar el texto original con las 43 enmiendas parciales de los &#8216;populares&#8217; y tres cambios pactados con la formaci\u00f3n magenta y Uni\u00f3n del Pueblo Navarro&#8230;.<\/p>\n","protected":false},"author":3,"featured_media":6063,"comment_status":"open","ping_status":"open","sticky":false,"template":"","format":"standard","meta":{"_lmt_disableupdate":"yes","_lmt_disable":"","footnotes":""},"categories":[3],"tags":[849,479,169,755,756],"class_list":["post-6070","post","type-post","status-publish","format-standard","has-post-thumbnail","hentry","category-compraventa","tag-catastro","tag-congreso-diputados","tag-legal","tag-notario","tag-registro-de-la-propiedad"],"modified_by":"Agustina Battioli","_links":{"self":[{"href":"https:\/\/www.fotocasa.es\/fotocasa-life\/wp-json\/wp\/v2\/posts\/6070","targetHints":{"allow":["GET"]}}],"collection":[{"href":"https:\/\/www.fotocasa.es\/fotocasa-life\/wp-json\/wp\/v2\/posts"}],"about":[{"href":"https:\/\/www.fotocasa.es\/fotocasa-life\/wp-json\/wp\/v2\/types\/post"}],"author":[{"embeddable":true,"href":"https:\/\/www.fotocasa.es\/fotocasa-life\/wp-json\/wp\/v2\/users\/3"}],"replies":[{"embeddable":true,"href":"https:\/\/www.fotocasa.es\/fotocasa-life\/wp-json\/wp\/v2\/comments?post=6070"}],"version-history":[{"count":0,"href":"https:\/\/www.fotocasa.es\/fotocasa-life\/wp-json\/wp\/v2\/posts\/6070\/revisions"}],"wp:featuredmedia":[{"embeddable":true,"href":"https:\/\/www.fotocasa.es\/fotocasa-life\/wp-json\/wp\/v2\/media\/6063"}],"wp:attachment":[{"href":"https:\/\/www.fotocasa.es\/fotocasa-life\/wp-json\/wp\/v2\/media?parent=6070"}],"wp:term":[{"taxonomy":"category","embeddable":true,"href":"https:\/\/www.fotocasa.es\/fotocasa-life\/wp-json\/wp\/v2\/categories?post=6070"},{"taxonomy":"post_tag","embeddable":true,"href":"https:\/\/www.fotocasa.es\/fotocasa-life\/wp-json\/wp\/v2\/tags?post=6070"}],"curies":[{"name":"wp","href":"https:\/\/api.w.org\/{rel}","templated":true}]}}