{"id":60684,"date":"2021-04-14T16:59:35","date_gmt":"2021-04-14T14:59:35","guid":{"rendered":"https:\/\/www.fotocasa.es\/fotocasa-life\/?p=60684"},"modified":"2021-04-14T16:59:35","modified_gmt":"2021-04-14T14:59:35","slug":"vivienda-y-movilidad-dos-de-los-principales-sectores-en-los-que-el-gobierno-invertira","status":"publish","type":"post","link":"https:\/\/www.fotocasa.es\/fotocasa-life\/hipotecas-finanzas\/vivienda-y-movilidad-dos-de-los-principales-sectores-en-los-que-el-gobierno-invertira\/","title":{"rendered":"Vivienda y movilidad: dos de los principales sectores en los que el Gobierno invertir\u00e1"},"content":{"rendered":"<p>El Gobierno espa\u00f1ol contempla 20 inversiones en los sectores principales para los tres pr\u00f3ximos a\u00f1os, con especial \u00e9nfasis en: <strong>vivienda, movilidad sostenible, energ\u00eda, modernizaci\u00f3n de la administraci\u00f3n p\u00fablica y digitalizaci\u00f3n.<\/strong><\/p>\n<p>En concreto, el plan contempla:<\/p>\n<ul>\n<li>13.200 millones para abordar una estrategia de movilidad sostenible<\/li>\n<li>6.820 millones para la rehabilitaci\u00f3n de vivienda y regeneraci\u00f3n urbana<\/li>\n<li>4.315 millones para la modernizaci\u00f3n de las administraciones p\u00fablicas<\/li>\n<li>4.060 millones en un plan de digitalizaci\u00f3n de las pyme<\/li>\n<li>4.000 millones para avanzar en el 5G<\/li>\n<li>3.780 millones en pol\u00edtica industrial y estrategia econom\u00eda circular<\/li>\n<li>3.590 millones en un plan de competencias nacionales en digitalizaci\u00f3n<\/li>\n<li>3.400 millones destinados al sector tur\u00edstico del pa\u00eds<\/li>\n<li>3.380 millones para el desarrollo de la ciencia e innovaci\u00f3n<\/li>\n<li>3.165 millones para la integraci\u00f3n de energ\u00edas renovables.<\/li>\n<\/ul>\n<p>El presidente del Gobierno, Pedro S\u00e1nchez, lo anunci\u00f3 este martes en la rueda de prensa posterior al Consejo de Ministros y a la celebraci\u00f3n de la segunda reuni\u00f3n de la Comisi\u00f3n Interministerial para la Recuperaci\u00f3n, Transformaci\u00f3n y Resiliencia a la que asistieron todos los miembros del Ejecutivo, seg\u00fan Europa Press.<\/p>\n<h2>Ejes, medidas y objetivos fundamentales del Plan<\/h2>\n<p>El presidente del Gobierno se\u00f1al\u00f3 que el Plan, articulado en cuatro ejes, se compone de 212 medidas, de las que 110 son inversiones y 102, reformas, y con dos objetivos fundamentales:<\/p>\n<ul>\n<li>impulsar la recuperaci\u00f3n econ\u00f3mica en el corto plazo<\/li>\n<li>transformar la econom\u00eda espa\u00f1ola para hacerla m\u00e1s competitiva y sostenible.<\/li>\n<\/ul>\n<p>S\u00e1nchez afirm\u00f3 que <strong>el Plan de Recuperaci\u00f3n es la mayor oportunidad para Espa\u00f1a desde su entrada en la Uni\u00f3n Europea<\/strong>, y que bajo esta premisa no va a dejar escapar la oportunidad que se presenta con los fondos europeos, no solo para abordar la urgencia de la crisis, sino tambi\u00e9n para dise\u00f1ar el modelo de futuro del pa\u00eds para en la pr\u00f3xima d\u00e9cada.<\/p>\n","protected":false},"excerpt":{"rendered":"<p>El Gobierno espa\u00f1ol contempla 20 inversiones en los sectores principales para los tres pr\u00f3ximos a\u00f1os, con especial \u00e9nfasis en: vivienda, movilidad sostenible, energ\u00eda, modernizaci\u00f3n de la administraci\u00f3n p\u00fablica y digitalizaci\u00f3n. En concreto, el plan contempla: 13.200 millones para abordar una estrategia de movilidad sostenible 6.820 millones para la rehabilitaci\u00f3n de vivienda y regeneraci\u00f3n urbana 4.315&#8230;<\/p>\n","protected":false},"author":3,"featured_media":60685,"comment_status":"open","ping_status":"closed","sticky":false,"template":"","format":"standard","meta":{"_lmt_disableupdate":"yes","_lmt_disable":"","footnotes":""},"categories":[6],"tags":[4292,449,4222,2129,2691,2302],"class_list":["post-60684","post","type-post","status-publish","format-standard","has-post-thumbnail","hentry","category-hipotecas-finanzas","tag-digitalizacion","tag-gobierno-de-espana","tag-movilidad","tag-plan-vivienda","tag-psoe","tag-vivienda"],"modified_by":null,"_links":{"self":[{"href":"https:\/\/www.fotocasa.es\/fotocasa-life\/wp-json\/wp\/v2\/posts\/60684","targetHints":{"allow":["GET"]}}],"collection":[{"href":"https:\/\/www.fotocasa.es\/fotocasa-life\/wp-json\/wp\/v2\/posts"}],"about":[{"href":"https:\/\/www.fotocasa.es\/fotocasa-life\/wp-json\/wp\/v2\/types\/post"}],"author":[{"embeddable":true,"href":"https:\/\/www.fotocasa.es\/fotocasa-life\/wp-json\/wp\/v2\/users\/3"}],"replies":[{"embeddable":true,"href":"https:\/\/www.fotocasa.es\/fotocasa-life\/wp-json\/wp\/v2\/comments?post=60684"}],"version-history":[{"count":0,"href":"https:\/\/www.fotocasa.es\/fotocasa-life\/wp-json\/wp\/v2\/posts\/60684\/revisions"}],"wp:featuredmedia":[{"embeddable":true,"href":"https:\/\/www.fotocasa.es\/fotocasa-life\/wp-json\/wp\/v2\/media\/60685"}],"wp:attachment":[{"href":"https:\/\/www.fotocasa.es\/fotocasa-life\/wp-json\/wp\/v2\/media?parent=60684"}],"wp:term":[{"taxonomy":"category","embeddable":true,"href":"https:\/\/www.fotocasa.es\/fotocasa-life\/wp-json\/wp\/v2\/categories?post=60684"},{"taxonomy":"post_tag","embeddable":true,"href":"https:\/\/www.fotocasa.es\/fotocasa-life\/wp-json\/wp\/v2\/tags?post=60684"}],"curies":[{"name":"wp","href":"https:\/\/api.w.org\/{rel}","templated":true}]}}