{"id":60502,"date":"2021-04-06T16:29:21","date_gmt":"2021-04-06T14:29:21","guid":{"rendered":"https:\/\/www.fotocasa.es\/fotocasa-life\/?p=60502"},"modified":"2021-04-06T16:29:21","modified_gmt":"2021-04-06T14:29:21","slug":"el-recibo-de-la-luz-se-encarecio-un-14-en-marzo","status":"publish","type":"post","link":"https:\/\/www.fotocasa.es\/fotocasa-life\/hipotecas-finanzas\/el-recibo-de-la-luz-se-encarecio-un-14-en-marzo\/","title":{"rendered":"El recibo de la luz se encareci\u00f3 un 14% en marzo"},"content":{"rendered":"<p><strong>El recibo medio de electricidad encareci\u00f3 m\u00e1s de un 14% en marzo<\/strong> con respecto al pasado mes de febrero. Ahora, la factura media para un consumidor dom\u00e9stico asciende a unos 63,55 euros, frente a los 55,41 euros de febrero, seg\u00fan datos recogidos por Europa Press a partir del simulador de la Comisi\u00f3n Nacional de los Mercados y la Competencia (CNMC).<\/p>\n<p>De este importe del recibo en marzo, 14,39 euros corresponden al t\u00e9rmino fijo, 35,58 euros al consumo, 2,55 euros al impuesto de electricidad y 11,03 euros al IVA.<\/p>\n<h2>Evoluci\u00f3n los precios<\/h2>\n<p>Este importe representa as\u00ed<strong> algo m\u00e1s de ocho euros frente al recibo de febrero<\/strong>, principalmente por la diferencia en el precio de la luz durante el mes de marzo.<\/p>\n<p>Respecto a hace un a\u00f1o, <strong>el incremento en el recibo de la luz para un consumidor supera el 16%.<\/strong> Y es que en marzo del a\u00f1o pasado se produjo una fuerte ca\u00edda de la demanda debido a las restricciones aplicadas tras la declaraci\u00f3n del estado de alarma para hacer frente a la pandemia de la COVID-19.<\/p>\n<h2>\u00a0\u00bfA qu\u00e9 se debe este incremento?<\/h2>\n<p>Este aumento en el recibo de la luz de marzo se debe, principalmente, al<strong> repunte en el precio medio del mercado mayorista de electricidad<\/strong>, el conocido como \u201c<em>pool<\/em>\u201d, que ha cerrado el mes en los 45,44 euros por megavatio hora (MWh).<\/p>\n<p>Este precio es un <strong>63,9% superior al precio medio de marzo de 2020<\/strong> y un 59,5% superior al de febrero, seg\u00fan datos de la Asociaci\u00f3n de Empresas con Gran Consumo de Energ\u00eda (AEGE).<\/p>\n<p>Esta subida en el \u201c<em>pool<\/em>\u201d se debe, principalmente, a un <strong>encarecimiento en el precio del gas<\/strong>, as\u00ed como a unos <strong>precios de derechos de emisi\u00f3n de CO2 que han llegado en marzo a un nivel r\u00e9cord<\/strong> por encima de los 40 euros la tonelada.<\/p>\n<p>El precio mayorista de la electricidad tiene un peso cercano al 35% sobre el recibo final, mientras que alrededor del 40% corresponde a los peajes y cerca del 25% restante, al IVA y al Impuesto de Electricidad.<\/p>\n<p><strong>El Gobierno ha congelado para 2021 los peajes y cargos el\u00e9ctricos<\/strong> con los que los consumidores sufragan los costes regulados. Mientras, est\u00e1n exentos de las oscilaciones en el precio diario los consumidores que est\u00e1n en el mercado libre, ya que cuentan con un precio pactado con su compa\u00f1\u00eda.<\/p>\n<h2>Precios en el futuro<\/h2>\n<p>Si tenemos en cuenta la evoluci\u00f3n del mercado diario en 2021 y las cotizaciones de los precios futuros hasta fin de a\u00f1o, <strong>el precio medio estimado del mercado el\u00e9ctrico espa\u00f1ol es de 54,05 euros por MWh<\/strong>, un precio 58,6% por encima del de 2020.<\/p>\n<p>Por su parte, la cotizaci\u00f3n del futuro para 2022 del mercado el\u00e9ctrico espa\u00f1ol a 30 de marzo es de 51,1 euros MWh, un 7,4% m\u00e1s caro que hace un mes.<\/p>\n<h2>Perfil del consumidor<\/h2>\n<p>Este recibo de la luz corresponde a un consumidor medio con una potencia contratada de 4,4 kW y una demanda anual de 3.900 kWh, propia de una familia con dos hijos.<\/p>\n","protected":false},"excerpt":{"rendered":"<p>El recibo medio de electricidad encareci\u00f3 m\u00e1s de un 14% en marzo con respecto al pasado mes de febrero. Ahora, la factura media para un consumidor dom\u00e9stico asciende a unos 63,55 euros, frente a los 55,41 euros de febrero, seg\u00fan datos recogidos por Europa Press a partir del simulador de la Comisi\u00f3n Nacional de los&#8230;<\/p>\n","protected":false},"author":3,"featured_media":60504,"comment_status":"open","ping_status":"closed","sticky":false,"template":"","format":"standard","meta":{"_lmt_disableupdate":"yes","_lmt_disable":"","footnotes":""},"categories":[6],"tags":[78,85,86,437,171],"class_list":["post-60502","post","type-post","status-publish","format-standard","has-post-thumbnail","hentry","category-hipotecas-finanzas","tag-consumo","tag-consumo-electricidad","tag-consumo-energia","tag-factura-de-la-luz","tag-luz"],"modified_by":null,"_links":{"self":[{"href":"https:\/\/www.fotocasa.es\/fotocasa-life\/wp-json\/wp\/v2\/posts\/60502","targetHints":{"allow":["GET"]}}],"collection":[{"href":"https:\/\/www.fotocasa.es\/fotocasa-life\/wp-json\/wp\/v2\/posts"}],"about":[{"href":"https:\/\/www.fotocasa.es\/fotocasa-life\/wp-json\/wp\/v2\/types\/post"}],"author":[{"embeddable":true,"href":"https:\/\/www.fotocasa.es\/fotocasa-life\/wp-json\/wp\/v2\/users\/3"}],"replies":[{"embeddable":true,"href":"https:\/\/www.fotocasa.es\/fotocasa-life\/wp-json\/wp\/v2\/comments?post=60502"}],"version-history":[{"count":0,"href":"https:\/\/www.fotocasa.es\/fotocasa-life\/wp-json\/wp\/v2\/posts\/60502\/revisions"}],"wp:featuredmedia":[{"embeddable":true,"href":"https:\/\/www.fotocasa.es\/fotocasa-life\/wp-json\/wp\/v2\/media\/60504"}],"wp:attachment":[{"href":"https:\/\/www.fotocasa.es\/fotocasa-life\/wp-json\/wp\/v2\/media?parent=60502"}],"wp:term":[{"taxonomy":"category","embeddable":true,"href":"https:\/\/www.fotocasa.es\/fotocasa-life\/wp-json\/wp\/v2\/categories?post=60502"},{"taxonomy":"post_tag","embeddable":true,"href":"https:\/\/www.fotocasa.es\/fotocasa-life\/wp-json\/wp\/v2\/tags?post=60502"}],"curies":[{"name":"wp","href":"https:\/\/api.w.org\/{rel}","templated":true}]}}