{"id":60414,"date":"2023-05-09T09:00:49","date_gmt":"2023-05-09T07:00:49","guid":{"rendered":"https:\/\/www.fotocasa.es\/fotocasa-life\/?p=60414"},"modified":"2023-05-09T09:45:00","modified_gmt":"2023-05-09T07:45:00","slug":"pagar-en-mi-declaracion-por-inmuebles-heredados","status":"publish","type":"post","link":"https:\/\/www.fotocasa.es\/fotocasa-life\/hipotecas-finanzas\/pagar-en-mi-declaracion-por-inmuebles-heredados\/","title":{"rendered":"\u00bfTengo que pagar en mi declaraci\u00f3n de la renta por los inmuebles que he heredado?"},"content":{"rendered":"<p>Esta es la pregunta que todo el mundo nos plantea cuando tramita su herencia en la declaraci\u00f3n de la renta. <strong>Y la respuesta es NO por heredar sino por rentabilizar el <a href=\"https:\/\/www.fotocasa.es\/fotocasa-life\/compraventa\/la-oferta-de-vivienda-heredada-representa-el-146-del-total-por-encima-de-los-niveles-prepandemia\/\">patrimonio heredado<\/a><\/strong>.<\/p>\n<p><strong>Lo que heredas tributa por el <a href=\"https:\/\/www.fotocasa.es\/fotocasa-life\/fiscalidad\/como-afectara-el-nuevo-cambio-de-los-impuestos-de-sucesiones-itp-y-patrimonio\/\">impuesto de sucesiones y donaciones<\/a><\/strong> y, en el caso de heredar bienes inmuebles urbanos, tambi\u00e9n el impuesto de plusval\u00eda municipal; <strong>salvo que haya minusval\u00eda, es decir p\u00e9rdidas<\/strong>.<\/p>\n<p>Cuesti\u00f3n distinta es <strong>c\u00f3mo tributar\u00e1s por los rendimientos que obtendr\u00e1s del patrimonio heredado<\/strong> o por las posibles ganancias que obtendr\u00e1s en caso de que posteriormente vendas alg\u00fan bien heredado. Es decir, por los siguientes motivos:<\/p>\n<ul>\n<li aria-level=\"1\"><strong>Por disponer de un inmueble<\/strong> para uso propio o tenerlo vac\u00edo (<strong><a href=\"https:\/\/www.fotocasa.es\/fotocasa-life\/hipotecas-finanzas\/como-declarar-inmueble-renta\/\">imputaci\u00f3n de rentas inmobiliarias<\/a><\/strong>).<\/li>\n<li aria-level=\"1\"><strong>Por<\/strong> <strong>alquilarlo<\/strong> (rendimiento del capital inmobiliario).<\/li>\n<li aria-level=\"1\"><strong>Por venderlo a terceros<\/strong> o vender tu parte de copropiedad a otro heredero.<\/li>\n<\/ul>\n<p>Lo analizamos en este art\u00edculo.<\/p>\n","protected":false},"excerpt":{"rendered":"<p>Lo analizamos en este art\u00edculo, en el que pondremos tambi\u00e9n varios ejemplos<\/p>\n","protected":false},"author":146,"featured_media":60416,"comment_status":"open","ping_status":"closed","sticky":false,"template":"","format":"standard","meta":{"_lmt_disableupdate":"yes","_lmt_disable":"","footnotes":""},"categories":[6,4280],"tags":[2671,350,4398,148,4385,4191,722,2460],"class_list":["post-60414","post","type-post","status-publish","format-standard","has-post-thumbnail","hentry","category-hipotecas-finanzas","category-fiscalidad","tag-campana-de-la-renta","tag-declaracion-de-la-renta","tag-desgravacion-irpf","tag-herencia","tag-herencias","tag-impuesto-de-bienes-inmuebles","tag-irpf","tag-valor-inmueble"],"modified_by":"Sara","_links":{"self":[{"href":"https:\/\/www.fotocasa.es\/fotocasa-life\/wp-json\/wp\/v2\/posts\/60414","targetHints":{"allow":["GET"]}}],"collection":[{"href":"https:\/\/www.fotocasa.es\/fotocasa-life\/wp-json\/wp\/v2\/posts"}],"about":[{"href":"https:\/\/www.fotocasa.es\/fotocasa-life\/wp-json\/wp\/v2\/types\/post"}],"author":[{"embeddable":true,"href":"https:\/\/www.fotocasa.es\/fotocasa-life\/wp-json\/wp\/v2\/users\/146"}],"replies":[{"embeddable":true,"href":"https:\/\/www.fotocasa.es\/fotocasa-life\/wp-json\/wp\/v2\/comments?post=60414"}],"version-history":[{"count":0,"href":"https:\/\/www.fotocasa.es\/fotocasa-life\/wp-json\/wp\/v2\/posts\/60414\/revisions"}],"wp:featuredmedia":[{"embeddable":true,"href":"https:\/\/www.fotocasa.es\/fotocasa-life\/wp-json\/wp\/v2\/media\/60416"}],"wp:attachment":[{"href":"https:\/\/www.fotocasa.es\/fotocasa-life\/wp-json\/wp\/v2\/media?parent=60414"}],"wp:term":[{"taxonomy":"category","embeddable":true,"href":"https:\/\/www.fotocasa.es\/fotocasa-life\/wp-json\/wp\/v2\/categories?post=60414"},{"taxonomy":"post_tag","embeddable":true,"href":"https:\/\/www.fotocasa.es\/fotocasa-life\/wp-json\/wp\/v2\/tags?post=60414"}],"curies":[{"name":"wp","href":"https:\/\/api.w.org\/{rel}","templated":true}]}}