{"id":60202,"date":"2021-03-25T09:00:47","date_gmt":"2021-03-25T08:00:47","guid":{"rendered":"https:\/\/www.fotocasa.es\/fotocasa-life\/?p=60202"},"modified":"2021-03-26T14:16:18","modified_gmt":"2021-03-26T13:16:18","slug":"el-boom-de-la-purificacion-de-aire","status":"publish","type":"post","link":"https:\/\/www.fotocasa.es\/fotocasa-life\/innovacion\/el-boom-de-la-purificacion-de-aire\/","title":{"rendered":"El boom de la purificaci\u00f3n de aire"},"content":{"rendered":"<p>Debido a la pandemia actual que estamos sufriendo, derivado en un confinamiento total o parcial en todos los municipios de nuestro pa\u00eds, han tenido lugar dos fen\u00f3menos o factores que han hecho que el sector de la purificaci\u00f3n haya eclosionado: por una parte, la b\u00fasqueda continua de preservar o mejorar nuestra salud y, por otra parte,\u00a0 el ahorro en ocio por parte de las familias.<\/p>\n<p>Por ahora, la imposibilidad de ir de vacaciones, el cierre de negocios de ocio o la poca necesidad de invertir en factores no esenciales, sumado al mayor tiempo que pasamos en nuestro hogar han provocado que no solo nos hayamos replanteado cambiar el color del dormitorio, darle un nuevo aspecto al sal\u00f3n o cambiar las cortinas, sino que intentamos que nuestro hogar sea un espacio seguro, y as\u00ed lo demuestra <strong>el auge en la demanda de sistemas de purificaci\u00f3n del aire.<\/strong><\/p>\n<h2>Sistemas de purificaci\u00f3n de aire<\/h2>\n<p>En un comienzo, eran los negocios los que buscaban la seguridad de sus clientes, usando la purificaci\u00f3n del aire como una soluci\u00f3n contra el COVID que diera tranquilidad a sus consumidores. Por ello, los primeros sectores interesados en ello fueron los relacionados con la salud, como son las farmacias, las cl\u00ednicas privadas o los hospitales, adem\u00e1s de centros educativos o espacios con mucho tr\u00e1nsito de personas. Todos ellos ten\u00edan algo en com\u00fan: total preocupaci\u00f3n de tener un sistema de cobertura para el COVID-19. Sin embargo, esta tendencia impact\u00f3 con menor fuerza en los domicilios, donde apenas se hab\u00eda notado. Ahora se est\u00e1 convirtiendo en <strong>una de las mejores inversiones<\/strong> que pueden hacer las familias, y no solo hablamos de los ya conocidos y variados sistemas port\u00e1tiles de purificaci\u00f3n sino de las soluciones de purificaci\u00f3n inducidas, y es que cada vez son m\u00e1s los edificios enteros que buscan instalar sistemas de purificaci\u00f3n de aire en sus conductos de ventilaci\u00f3n o las obras nuevas que ya han pactado construir edificios m\u00e1s seguros.<\/p>\n<p>Una de las empresas que m\u00e1s introducida est\u00e1 a nivel nacional en el \u00e1mbito residencial es <a href=\"https:\/\/purerealestate.es\/\" target=\"_blank\" rel=\"noopener\">Pure Real Estate<\/a>, que ya cuenta con m\u00e1s de una decena de proyectos en proceso de construcci\u00f3n que llevar\u00e1n instalados esta tecnolog\u00eda, entre ellos, <strong><a href=\"https:\/\/www.fotocasa.es\/fotocasa-life\/alquiler\/el-primer-edificio-antipandemia-de-espana\/\">el primer edifico anti pandemia de Espa\u00f1a<\/a>.<\/strong><\/p>\n<div id=\"attachment_60204\" style=\"width: 1307px\" class=\"wp-caption aligncenter\"><img loading=\"lazy\" decoding=\"async\" aria-describedby=\"caption-attachment-60204\" class=\"wp-image-60204 size-full\" title=\"pure real estate\" src=\"https:\/\/www.fotocasa.es\/fotocasa-life\/wp-content\/uploads\/2021\/03\/pure-real-estate.jpg\" alt=\"pure real estate\" width=\"1297\" height=\"868\" srcset=\"https:\/\/www.fotocasa.es\/fotocasa-life\/wp-content\/uploads\/2021\/03\/pure-real-estate.jpg 1200w, https:\/\/www.fotocasa.es\/fotocasa-life\/wp-content\/uploads\/2021\/03\/pure-real-estate-300x201.jpg 300w, https:\/\/www.fotocasa.es\/fotocasa-life\/wp-content\/uploads\/2021\/03\/pure-real-estate-1024x685.jpg 1024w, https:\/\/www.fotocasa.es\/fotocasa-life\/wp-content\/uploads\/2021\/03\/pure-real-estate-150x100.jpg 150w, https:\/\/www.fotocasa.es\/fotocasa-life\/wp-content\/uploads\/2021\/03\/pure-real-estate-768x514.jpg 768w\" sizes=\"auto, (max-width: 1297px) 100vw, 1297px\" \/><p id=\"caption-attachment-60204\" class=\"wp-caption-text\">Promoci\u00f3n residencial que incluir\u00e1 el sistema de purificaci\u00f3n inducido en todo el edificio.<\/p><\/div>\n<h2>La Purificaci\u00f3n de Aire: M\u00e1s All\u00e1 del COVID<\/h2>\n<p>El hecho de que ahora crezca este mercado en el domicilio deriva de que se haya descubierto que la purificaci\u00f3n de aire aporta mucho valor a gente con problemas respiratorios y va m\u00e1s all\u00e1 de cortar la transmisi\u00f3n de virus y bacterias. Adem\u00e1s, tambi\u00e9n <strong>ayuda a los problemas bien sean de<\/strong> <strong>asma, alergia o problemas causados por la <a href=\"https:\/\/www.fotocasa.es\/fotocasa-life\/vivienda-saludable\/contaminacion-en-la-vivienda-focos-y-riesgos-para-la-salud\/\">contaminaci\u00f3n en el hogar<\/a>.<\/strong> Es un sistema mucho m\u00e1s efectivo que la tradicional ventilaci\u00f3n por la que se cuelan al\u00e9rgenos exteriores en nuestra casa. Esto hace entrever que es una tendencia que no est\u00e1 totalmente vinculada a la pandemia, sino que los hogares comienzan a ser conscientes del aire que respiran y de la necesidad de tener calidad en ese aire.<\/p>\n<p>&nbsp;<\/p>\n<p>&nbsp;<\/p>\n<p><a href=\"https:\/\/purerealestate.es\/\" target=\"_blank\" rel=\"noopener\"><img loading=\"lazy\" decoding=\"async\" class=\"aligncenter wp-image-60203 size-full\" title=\"Purificaci\u00f3n de aire anticovid\" src=\"https:\/\/www.fotocasa.es\/fotocasa-life\/wp-content\/uploads\/2021\/03\/Banner1_728x90_1.jpg\" alt=\"Purificaci\u00f3n de aire anticovid\" width=\"728\" height=\"90\" srcset=\"https:\/\/www.fotocasa.es\/fotocasa-life\/wp-content\/uploads\/2021\/03\/Banner1_728x90_1.jpg 728w, https:\/\/www.fotocasa.es\/fotocasa-life\/wp-content\/uploads\/2021\/03\/Banner1_728x90_1-300x37.jpg 300w, https:\/\/www.fotocasa.es\/fotocasa-life\/wp-content\/uploads\/2021\/03\/Banner1_728x90_1-150x19.jpg 150w\" sizes=\"auto, (max-width: 728px) 100vw, 728px\" \/><\/a><\/p>\n","protected":false},"excerpt":{"rendered":"<p>Debido a la pandemia actual que estamos sufriendo, derivado en un confinamiento total o parcial en todos los municipios de nuestro pa\u00eds, han tenido lugar dos fen\u00f3menos o factores que han hecho que el sector de la purificaci\u00f3n haya eclosionado: por una parte, la b\u00fasqueda continua de preservar o mejorar nuestra salud y, por otra&#8230;<\/p>\n","protected":false},"author":133,"featured_media":60306,"comment_status":"open","ping_status":"closed","sticky":false,"template":"","format":"standard","meta":{"_lmt_disableupdate":"yes","_lmt_disable":"","footnotes":""},"categories":[4273],"tags":[4214,2547,4127,1561,4394,2061,1194],"class_list":["post-60202","post","type-post","status-publish","format-standard","has-post-thumbnail","hentry","category-innovacion","tag-calidad-del-aire","tag-construccion-de-edificios","tag-edificio","tag-hogares-seguros","tag-purificacion-de-aire","tag-salud","tag-vivienda-saludable"],"modified_by":"srv.es.fc-zt-dg@adevinta.com","_links":{"self":[{"href":"https:\/\/www.fotocasa.es\/fotocasa-life\/wp-json\/wp\/v2\/posts\/60202","targetHints":{"allow":["GET"]}}],"collection":[{"href":"https:\/\/www.fotocasa.es\/fotocasa-life\/wp-json\/wp\/v2\/posts"}],"about":[{"href":"https:\/\/www.fotocasa.es\/fotocasa-life\/wp-json\/wp\/v2\/types\/post"}],"author":[{"embeddable":true,"href":"https:\/\/www.fotocasa.es\/fotocasa-life\/wp-json\/wp\/v2\/users\/133"}],"replies":[{"embeddable":true,"href":"https:\/\/www.fotocasa.es\/fotocasa-life\/wp-json\/wp\/v2\/comments?post=60202"}],"version-history":[{"count":0,"href":"https:\/\/www.fotocasa.es\/fotocasa-life\/wp-json\/wp\/v2\/posts\/60202\/revisions"}],"wp:featuredmedia":[{"embeddable":true,"href":"https:\/\/www.fotocasa.es\/fotocasa-life\/wp-json\/wp\/v2\/media\/60306"}],"wp:attachment":[{"href":"https:\/\/www.fotocasa.es\/fotocasa-life\/wp-json\/wp\/v2\/media?parent=60202"}],"wp:term":[{"taxonomy":"category","embeddable":true,"href":"https:\/\/www.fotocasa.es\/fotocasa-life\/wp-json\/wp\/v2\/categories?post=60202"},{"taxonomy":"post_tag","embeddable":true,"href":"https:\/\/www.fotocasa.es\/fotocasa-life\/wp-json\/wp\/v2\/tags?post=60202"}],"curies":[{"name":"wp","href":"https:\/\/api.w.org\/{rel}","templated":true}]}}