{"id":60075,"date":"2021-03-22T10:44:57","date_gmt":"2021-03-22T09:44:57","guid":{"rendered":"https:\/\/www.fotocasa.es\/fotocasa-life\/?p=60075"},"modified":"2021-03-22T10:44:57","modified_gmt":"2021-03-22T09:44:57","slug":"cdr-pide-mecanismos-financiacion-directa-para-renovacion-de-edificios","status":"publish","type":"post","link":"https:\/\/www.fotocasa.es\/fotocasa-life\/hipotecas-finanzas\/cdr-pide-mecanismos-financiacion-directa-para-renovacion-de-edificios\/","title":{"rendered":"El CDR pide mecanismos de financiaci\u00f3n directa para la renovaci\u00f3n de edificios"},"content":{"rendered":"<p>Fuentes de Europa Press informan de que el Comit\u00e9 Europeo de las Regiones (CDR) ha instado a la Comisi\u00f3n Europea y a los Estados miembros a que establezcan <strong>mecanismos de financiaci\u00f3n directa para que los entes locales y regionales lleven a cabo proyectos de renovaci\u00f3n de edificios.<\/strong><\/p>\n<p>El CDR ha adoptado as\u00ed un dictamen sobre la &#8216;Ola de Renovaci\u00f3n&#8217;, el plan de la Uni\u00f3n Europea para<strong> mejorar el rendimiento energ\u00e9tico del parque de edificios de Europa.<\/strong><\/p>\n<p>Seg\u00fan indica el CDR, <strong>los edificios representan el 40% del consumo energ\u00e9tico de Europa y el 36% de las emisiones de gases de efecto invernadero (GEI)<\/strong>, por lo que su renovaci\u00f3n es clave para que la UE alcance la neutralidad clim\u00e1tica en 2050.<\/p>\n<p>Las ciudades y regiones piden una revisi\u00f3n de los reg\u00edmenes de ayudas estatales, reglas presupuestarias m\u00e1s flexibles para maximizar las inversiones y renovaciones, objetivos subnacionales para la renovaci\u00f3n de edificios y la integraci\u00f3n de fuentes de energ\u00eda renovable en proyectos de renovaci\u00f3n.<\/p>\n<h2>\u00abLa recuperaci\u00f3n verde comienza en los hogares\u00bb<\/h2>\n<p>Tras un debate plenario con el comisario de energ\u00eda de la UE, Kadri Simson, el ponente del CDR sobre el dictamen sobre la ola de renovaci\u00f3n, miembro del consejo municipal de Signa (Florencia) y expresidente de la regi\u00f3n de Toscana (2010-2020), Enrico Rossi, ha explicado que <strong>\u00abla recuperaci\u00f3n verde comienza en los hogares\u00bb.<\/strong><\/p>\n<p>\u00abCon la Ola de Renovaci\u00f3n como pilar fundamental del Green Deal, podemos relanzar nuestra econom\u00eda, crear 160.000 puestos de trabajo en el sector de la construcci\u00f3n y luchar contra la pobreza energ\u00e9tica, al tiempo que cumplimos nuestros objetivos de neutralidad clim\u00e1tica\u00bb, precisa.<\/p>\n<p>Adem\u00e1s, a\u00f1ade que deben \u00abasegurarse de que los recursos del nuevo Marco Financiero Plurianual, el Plan de Recuperaci\u00f3n y<strong> los fondos nacionales y regionales se utilicen en sinergia y no se desv\u00eden a otros lugares\u00bb.<\/strong><\/p>\n<p>Para su \u00e9xito, apunta que \u00ablas ciudades y regiones deben desempe\u00f1ar un papel clave\u00bb. \u00abEs por eso que necesitamos herramientas concretas, como una instalaci\u00f3n de asistencia t\u00e9cnica local, accesible a todas las autoridades locales y regionales para la implementaci\u00f3n de la Ola de Renovaci\u00f3n, junto con capacitaciones para los trabajadores\u00bb.<\/p>\n<p>En este sentido, el CDR insta a que se lleve a cabo la<strong> revisi\u00f3n anunciada de los reg\u00edmenes europeos de ayudas estatales para la eficiencia energ\u00e9tica<\/strong> en los edificios a fin de superar las actuales barreras a la inversi\u00f3n.<\/p>\n<p>Tambi\u00e9n insta a<strong> trabajar con los Estados miembros para establecer normas presupuestarias m\u00e1s flexibles para las administraciones locales y regionales<\/strong> a fin de mejorar su capacidad de invertir en la renovaci\u00f3n de edificios existentes y nuevas viviendas sociales.<\/p>\n<p>Asimismo, se\u00f1ala que, para implementar la Ola de Renovaci\u00f3n, la Comisi\u00f3n y los Estados miembros deben brindar un apoyo significativo al sector de la construcci\u00f3n para superar las lagunas en los conocimientos sobre habilidades, tecnolog\u00eda y reciclaje de los trabajadores.<\/p>\n<p>Igualmente, el CDR indica que debe contar con el respaldo de una <strong>s\u00f3lida asistencia t\u00e9cnica a disposici\u00f3n de todos los entes locales y regionales.<\/strong> Los miembros abogan por el fortalecimiento y la descentralizaci\u00f3n del mecanismo ELENA del BEI mediante la racionalizaci\u00f3n del modelo de ventanilla \u00fanica para brindar asistencia t\u00e9cnica a todas las autoridades y empresas locales y regionales.<\/p>\n<p>Adem\u00e1s, el dictamen del CDR insta a la Comisi\u00f3n Europea y a los Estados miembros a <strong>incorporar plenamente la Ola de Renovaci\u00f3n en los programas de recuperaci\u00f3n y resiliencia (FRR), as\u00ed como en los Fondos Estructurales y de Inversi\u00f3n Europeos (Fondos EIE).<\/strong><\/p>\n<h2>Sobre los costos<\/h2>\n<p>Las propuestas adicionales del CDR para implementar con \u00e9xito la Ola de renovaci\u00f3n en todos los territorios incluyen <strong>medidas para evitar desalojos por reforma.<\/strong> Seg\u00fan precisa, la Comisi\u00f3n Europea y todos los niveles de gobierno deben <strong>evitar que los costos de renovaci\u00f3n repercutan en los inquilinos y propone que los aumentos de alquiler se equilibren con el ahorro de energ\u00eda.<\/strong><\/p>\n<p>Tambi\u00e9n pide a la Comisi\u00f3n Europea que exija a los Estados miembros que otorguen a los entes locales y regionales <strong>un papel pleno y eficaz en la preparaci\u00f3n y actuaci\u00f3n de sus planes nacionales de recuperaci\u00f3n y resiliencia<\/strong> mediante el desarrollo de di\u00e1logos multinivel sobre el clima y la energ\u00eda eficaces.<\/p>\n<p>Igualmente, propone que la ola de renovaci\u00f3n<strong> se implemente tambi\u00e9n en \u00e1reas menos urbanizadas y m\u00e1s perif\u00e9ricas<\/strong>, incluidas las comunidades rurales; fortalecer los mecanismos de certificaci\u00f3n que incentiven la selecci\u00f3n de materiales y t\u00e9cnicas de construcci\u00f3n en funci\u00f3n de su ciclo de vida.<\/p>\n<p>Asimismo, sugiere fortalecer las comunidades energ\u00e9ticas locales a trav\u00e9s de la <strong>producci\u00f3n de energ\u00eda descentralizada e incentivos para desarrollar el modelo de \u00abrenta c\u00e1lida\u00bb<\/strong>, aplicado en Suecia y Finlandia, por el que se anima a los propietarios a ahorrar energ\u00eda garantizando al mismo tiempo un entorno interior adecuado.<\/p>\n<h2>Descarbonizar la calefacci\u00f3n<\/h2>\n<p>Por otro lado, el CDR plantea<strong> ampliar el an\u00e1lisis de la pobreza energ\u00e9tica m\u00e1s all\u00e1 de los hogares individuales<\/strong>; brindar apoyo al sector de la construcci\u00f3n, que se ha visto gravemente afectado por la crisis; y esfuerzos m\u00e1s ambiciosos para<strong> descarbonizar la calefacci\u00f3n y la refrigeraci\u00f3n residencial,<\/strong> que es responsable de m\u00e1s del 80% del consumo total de energ\u00eda de los edificios en la UE.<\/p>\n<p>Entre otras propuestas, tambi\u00e9n recomienda<strong> desarrollar una aplicaci\u00f3n sistem\u00e1tica de los criterios de Contrataci\u00f3n P\u00fablica Verde para el sector de la construcci\u00f3n<\/strong>; que los datos sobre el consumo energ\u00e9tico de los edificios est\u00e9n disponibles de forma gratuita en toda la UE; que se establezcan metas subnacionales para la integraci\u00f3n de fuentes de energ\u00eda renovable en los edificios; y se actualice el marco del certificado de eficiencia energ\u00e9tica.<\/p>\n<p>Adem\u00e1s, el CDR <strong>respalda la propuesta de un indicador de preparaci\u00f3n inteligente (ISR)<\/strong> para evaluar el grado en que los edificios est\u00e1n preparados para la integraci\u00f3n de tecnolog\u00edas inteligentes y para ofrecer recomendaciones a los propietarios y ocupantes de los edificios.<\/p>\n<p>Finalmente, se\u00f1ala que los requisitos legislativos para la compra y renovaci\u00f3n de todos los edificios p\u00fablicos existentes, los est\u00e1ndares m\u00ednimos de rendimiento energ\u00e9tico y los objetivos obligatorios para las tasas de renovaci\u00f3n anual deben ser flexibles para tener en cuenta las diferentes caracter\u00edsticas y circunstancias de la edificaci\u00f3n en cada territorio.<\/p>\n","protected":false},"excerpt":{"rendered":"<p>Fuentes de Europa Press informan de que el Comit\u00e9 Europeo de las Regiones (CDR) ha instado a la Comisi\u00f3n Europea y a los Estados miembros a que establezcan mecanismos de financiaci\u00f3n directa para que los entes locales y regionales lleven a cabo proyectos de renovaci\u00f3n de edificios. El CDR ha adoptado as\u00ed un dictamen sobre&#8230;<\/p>\n","protected":false},"author":3,"featured_media":60080,"comment_status":"open","ping_status":"closed","sticky":false,"template":"","format":"standard","meta":{"_lmt_disableupdate":"yes","_lmt_disable":"","footnotes":""},"categories":[6],"tags":[444,656,579,286],"class_list":["post-60075","post","type-post","status-publish","format-standard","has-post-thumbnail","hentry","category-hipotecas-finanzas","tag-comision-europea","tag-rehabilitacion-de-edificios","tag-rehabilitacion-energetica","tag-union-europea"],"modified_by":null,"_links":{"self":[{"href":"https:\/\/www.fotocasa.es\/fotocasa-life\/wp-json\/wp\/v2\/posts\/60075","targetHints":{"allow":["GET"]}}],"collection":[{"href":"https:\/\/www.fotocasa.es\/fotocasa-life\/wp-json\/wp\/v2\/posts"}],"about":[{"href":"https:\/\/www.fotocasa.es\/fotocasa-life\/wp-json\/wp\/v2\/types\/post"}],"author":[{"embeddable":true,"href":"https:\/\/www.fotocasa.es\/fotocasa-life\/wp-json\/wp\/v2\/users\/3"}],"replies":[{"embeddable":true,"href":"https:\/\/www.fotocasa.es\/fotocasa-life\/wp-json\/wp\/v2\/comments?post=60075"}],"version-history":[{"count":0,"href":"https:\/\/www.fotocasa.es\/fotocasa-life\/wp-json\/wp\/v2\/posts\/60075\/revisions"}],"wp:featuredmedia":[{"embeddable":true,"href":"https:\/\/www.fotocasa.es\/fotocasa-life\/wp-json\/wp\/v2\/media\/60080"}],"wp:attachment":[{"href":"https:\/\/www.fotocasa.es\/fotocasa-life\/wp-json\/wp\/v2\/media?parent=60075"}],"wp:term":[{"taxonomy":"category","embeddable":true,"href":"https:\/\/www.fotocasa.es\/fotocasa-life\/wp-json\/wp\/v2\/categories?post=60075"},{"taxonomy":"post_tag","embeddable":true,"href":"https:\/\/www.fotocasa.es\/fotocasa-life\/wp-json\/wp\/v2\/tags?post=60075"}],"curies":[{"name":"wp","href":"https:\/\/api.w.org\/{rel}","templated":true}]}}