{"id":60064,"date":"2021-03-22T10:00:02","date_gmt":"2021-03-22T09:00:02","guid":{"rendered":"https:\/\/www.fotocasa.es\/fotocasa-life\/?p=60064"},"modified":"2021-03-22T15:13:57","modified_gmt":"2021-03-22T14:13:57","slug":"fotocasa-ficha-a-maria-matos-como-directora-de-estudios-y-portavoz","status":"publish","type":"post","link":"https:\/\/www.fotocasa.es\/fotocasa-life\/fotocasa\/fotocasa-ficha-a-maria-matos-como-directora-de-estudios-y-portavoz\/","title":{"rendered":"Fotocasa ficha a Mar\u00eda Matos como directora de Estudios y Portavoz"},"content":{"rendered":"<p>El portal inmobiliario <a href=\"http:\/\/www.fotocasa.es\">Fotocasa<\/a> ficha a Mar\u00eda Matos como nueva <strong>directora de Estudios y Portavoz<\/strong> del portal, tanto en los medios de comunicaci\u00f3n como en los diferentes eventos inmobiliarios a los que acude asiduamente el portal inmobiliario.<\/p>\n<p>Mar\u00eda Matos, periodista de profesi\u00f3n, afronta este nuevo reto despu\u00e9s de haber desempe\u00f1ado su carrera profesional en el medio televisivo, abordando diversos temas relacionados con la actualidad econ\u00f3mica e inmobiliaria. Se incorpora al departamento de Marketing y Comunicaci\u00f3n de <a href=\"https:\/\/www.adevinta.com\/es\/\" target=\"_blank\" rel=\"noopener\">Adevinta<\/a> Real Estate para desarrollar el rol de Directora de Estudios y Portavoz de Fotocasa, un puesto clave para seguir posicionando al portal como referente en los medios de comunicaci\u00f3n.<\/p>\n<p>La intenci\u00f3n del <em>marketplace<\/em> es que su papel como interlocutora est\u00e9 centrado, no solo en la interacci\u00f3n directa con la prensa, sino tambi\u00e9n en el di\u00e1logo permanente con todos los agentes que conforman el sector inmobiliario.<\/p>\n<p>Desde la direcci\u00f3n de Estudios, Mar\u00eda Matos trabajar\u00e1 en el desarrollo y an\u00e1lisis del <strong>\u00cdndice Inmobiliario Fotocasa<\/strong>, para seguir proporcionando toda la informaci\u00f3n de las tendencias de los precios, tanto de venta como de alquiler, con el objetivo de crear sinergias de colaboraci\u00f3n que implementen la efectividad de este instrumento. As\u00ed mismo, prestar\u00e1 especial inter\u00e9s a los aspectos m\u00e1s representativos de los informes que se elaboran desde <a href=\"https:\/\/research.fotocasa.es\/\" target=\"_blank\" rel=\"noopener\">Fotocasa Research<\/a>, un \u00e1rea de estudio que ofrece la oportunidad de pulsar las necesidades y demandas del sector inmobiliario de una forma rigurosa y fiable.<\/p>\n<p><img loading=\"lazy\" decoding=\"async\" class=\"aligncenter wp-image-60065 size-large\" src=\"https:\/\/www.fotocasa.es\/fotocasa-life\/wp-content\/uploads\/2021\/03\/Mari\u0301a-Matos-Fotocasa-676x618.jpg\" alt=\"Mari\u0301a Matos Fotocasa\" width=\"676\" height=\"618\" title=\"-\"><\/p>\n<p>En esta l\u00ednea de actuaci\u00f3n, la integraci\u00f3n de la periodista en el equipo reforzar\u00e1 la colaboraci\u00f3n activa de <a href=\"http:\/\/www.fotocasa.es\">Fotocasa<\/a> con los entes p\u00fablicos y privados, as\u00ed como tambi\u00e9n con las diversas instituciones acad\u00e9micas vinculadas con la investigaci\u00f3n y an\u00e1lisis del mercado inmobiliario.<\/p>\n<p>Por su parte, Mar\u00eda Matos se confiesa apasionada de la comunicaci\u00f3n y cree que, desde el sector inmobiliario, puede continuar ofreciendo la vocaci\u00f3n de servicio p\u00fablico que la llev\u00f3 a ser periodista, ayudando a los ciudadanos a mejorar el acceso a sus viviendas como derecho fundamental.<\/p>\n<p>Aqu\u00ed puedes <a href=\"https:\/\/www.linkedin.com\/in\/mar%C3%ADa-matos-117b40107\/\" target=\"_blank\" rel=\"noopener\">consultar el Linkedin<\/a> de Mar\u00eda Matos y aqu\u00ed seguirla en <a href=\"https:\/\/twitter.com\/MariaMatos_MM\" target=\"_blank\" rel=\"noopener\">Twitter<\/a><\/p>\n","protected":false},"excerpt":{"rendered":"<p>El portal inmobiliario Fotocasa ficha a Mar\u00eda Matos como nueva directora de Estudios y Portavoz del portal, tanto en los medios de comunicaci\u00f3n como en los diferentes eventos inmobiliarios a los que acude asiduamente el portal inmobiliario. Mar\u00eda Matos, periodista de profesi\u00f3n, afronta este nuevo reto despu\u00e9s de haber desempe\u00f1ado su carrera profesional en el&#8230;<\/p>\n","protected":false},"author":3,"featured_media":60104,"comment_status":"open","ping_status":"closed","sticky":false,"template":"","format":"standard","meta":{"_lmt_disableupdate":"yes","_lmt_disable":"","footnotes":""},"categories":[1050],"tags":[142,4120],"class_list":["post-60064","post","type-post","status-publish","format-standard","has-post-thumbnail","hentry","category-fotocasa","tag-fotocasa","tag-fotocasa-research"],"modified_by":"srv.es.fc-zt-dg@adevinta.com","_links":{"self":[{"href":"https:\/\/www.fotocasa.es\/fotocasa-life\/wp-json\/wp\/v2\/posts\/60064","targetHints":{"allow":["GET"]}}],"collection":[{"href":"https:\/\/www.fotocasa.es\/fotocasa-life\/wp-json\/wp\/v2\/posts"}],"about":[{"href":"https:\/\/www.fotocasa.es\/fotocasa-life\/wp-json\/wp\/v2\/types\/post"}],"author":[{"embeddable":true,"href":"https:\/\/www.fotocasa.es\/fotocasa-life\/wp-json\/wp\/v2\/users\/3"}],"replies":[{"embeddable":true,"href":"https:\/\/www.fotocasa.es\/fotocasa-life\/wp-json\/wp\/v2\/comments?post=60064"}],"version-history":[{"count":0,"href":"https:\/\/www.fotocasa.es\/fotocasa-life\/wp-json\/wp\/v2\/posts\/60064\/revisions"}],"wp:featuredmedia":[{"embeddable":true,"href":"https:\/\/www.fotocasa.es\/fotocasa-life\/wp-json\/wp\/v2\/media\/60104"}],"wp:attachment":[{"href":"https:\/\/www.fotocasa.es\/fotocasa-life\/wp-json\/wp\/v2\/media?parent=60064"}],"wp:term":[{"taxonomy":"category","embeddable":true,"href":"https:\/\/www.fotocasa.es\/fotocasa-life\/wp-json\/wp\/v2\/categories?post=60064"},{"taxonomy":"post_tag","embeddable":true,"href":"https:\/\/www.fotocasa.es\/fotocasa-life\/wp-json\/wp\/v2\/tags?post=60064"}],"curies":[{"name":"wp","href":"https:\/\/api.w.org\/{rel}","templated":true}]}}