{"id":60052,"date":"2021-03-19T13:00:55","date_gmt":"2021-03-19T12:00:55","guid":{"rendered":"https:\/\/www.fotocasa.es\/fotocasa-life\/?p=60052"},"modified":"2021-03-19T13:39:53","modified_gmt":"2021-03-19T12:39:53","slug":"la-nueva-vivienda-de-rihanna-en-la","status":"publish","type":"post","link":"https:\/\/www.fotocasa.es\/fotocasa-life\/inspiracion\/famosos\/la-nueva-vivienda-de-rihanna-en-la\/","title":{"rendered":"La nueva vivienda de Rihanna en Los \u00c1ngeles"},"content":{"rendered":"<p>Como todos los viernes en Fotocasa, queremos dar la bienvenida al fin de semana visitando las <a href=\"https:\/\/www.fotocasa.es\/fotocasa-life\/categoria\/inspiracion\/famosos\/\"><strong>casas de los famosos<\/strong><\/a> m\u00e1s top del momento.<\/p>\n<p>Hoy es el turno de <strong>Rihanna<\/strong>, la c\u00e9lebre cantante que no para de cosechar \u00e9xito tras \u00e9xito: primero fueron canciones como \u201cUmbrella\u201d, \u201cDiamonds\u201d o \u201cWe found love\u201d; despu\u00e9s, Fenty, una polifac\u00e9tica marca de negocio con varias patas: una l\u00ednea de maquillaje y de cuidado de la piel que ha conquistado el tocador de miles de personas, una marca de moda y una l\u00ednea de lencer\u00eda.<\/p>\n<p>Ahora, tras anunciar una retirada indefinida de la m\u00fasica, la artista ha acaparado de nuevo las portadas. Esta vez, tras anunciar la compra de una <strong>incre\u00edble <a href=\"https:\/\/www.fotocasa.es\/es\/comprar\/casas-de-lujo\">vivienda de lujo<\/a> en la zona de Beverly Hills, en Los \u00c1ngeles.<\/strong><\/p>\n<h2>As\u00ed es la nueva vivienda de Rihanna<\/h2>\n<p>La vivienda fue <strong>construida en 1938<\/strong> y cuenta con unos 2.000 metros cuadrados de extensi\u00f3n. Est\u00e1 valorada en 13,8 millones de d\u00f3lares.<\/p>\n<p>El entorno es un lugar sin duda privilegiado: cuenta con<strong> vistas a Coldwater Canyon<\/strong> y entre los vecinos destacan nombres de McCarteny, Mariah Carey o Madonna.<\/p>\n<p>La <strong>entrada<\/strong> a la vivienda la dan unas preciosas escaleras y un amplio garaje.<\/p>\n<blockquote class=\"instagram-media\" style=\"background: #FFF; border: 0; border-radius: 3px; box-shadow: 0 0 1px 0 rgba(0,0,0,0.5),0 1px 10px 0 rgba(0,0,0,0.15); margin: 1px; max-width: 540px; min-width: 326px; padding: 0; width: calc(100% - 2px);\" data-instgrm-captioned=\"\" data-instgrm-permalink=\"https:\/\/www.instagram.com\/p\/CMewXcvBliq\/?utm_source=ig_embed&amp;utm_campaign=loading\" data-instgrm-version=\"14\">\n<div style=\"padding: 16px;\">\n<p>&nbsp;<\/p>\n<div style=\"display: flex; flex-direction: row; align-items: center;\">\n<div style=\"background-color: #f4f4f4; border-radius: 50%; flex-grow: 0; height: 40px; margin-right: 14px; width: 40px;\"><\/div>\n<div style=\"display: flex; flex-direction: column; flex-grow: 1; justify-content: center;\">\n<div style=\"background-color: #f4f4f4; border-radius: 4px; flex-grow: 0; height: 14px; margin-bottom: 6px; width: 100px;\"><\/div>\n<div style=\"background-color: #f4f4f4; border-radius: 4px; flex-grow: 0; height: 14px; width: 60px;\"><\/div>\n<\/div>\n<\/div>\n<div style=\"padding: 19% 0;\"><\/div>\n<div style=\"display: block; height: 50px; margin: 0 auto 12px; width: 50px;\"><\/div>\n<div style=\"padding-top: 8px;\">\n<div style=\"color: #3897f0; font-family: Arial,sans-serif; font-size: 14px; font-style: normal; font-weight: 550; line-height: 18px;\">Ver esta publicaci\u00f3n en Instagram<\/div>\n<\/div>\n<div style=\"padding: 12.5% 0;\"><\/div>\n<div style=\"display: flex; flex-direction: row; margin-bottom: 14px; align-items: center;\">\n<div>\n<div style=\"background-color: #f4f4f4; border-radius: 50%; height: 12.5px; width: 12.5px; transform: translateX(0px) translateY(7px);\"><\/div>\n<div style=\"background-color: #f4f4f4; height: 12.5px; transform: rotate(-45deg) translateX(3px) translateY(1px); width: 12.5px; flex-grow: 0; margin-right: 14px; margin-left: 2px;\"><\/div>\n<div style=\"background-color: #f4f4f4; border-radius: 50%; height: 12.5px; width: 12.5px; transform: translateX(9px) translateY(-18px);\"><\/div>\n<\/div>\n<div style=\"margin-left: 8px;\">\n<div style=\"background-color: #f4f4f4; border-radius: 50%; flex-grow: 0; height: 20px; width: 20px;\"><\/div>\n<div style=\"width: 0; height: 0; border-top: 2px solid transparent; border-left: 6px solid #f4f4f4; border-bottom: 2px solid transparent; transform: translateX(16px) translateY(-4px) rotate(30deg);\"><\/div>\n<\/div>\n<div style=\"margin-left: auto;\">\n<div style=\"width: 0px; border-top: 8px solid #F4F4F4; border-right: 8px solid transparent; transform: translateY(16px);\"><\/div>\n<div style=\"background-color: #f4f4f4; flex-grow: 0; height: 12px; width: 16px; transform: translateY(-4px);\"><\/div>\n<div style=\"width: 0; height: 0; border-top: 8px solid #F4F4F4; border-left: 8px solid transparent; transform: translateY(-4px) translateX(8px);\"><\/div>\n<\/div>\n<\/div>\n<div style=\"display: flex; flex-direction: column; flex-grow: 1; justify-content: center; margin-bottom: 24px;\">\n<div style=\"background-color: #f4f4f4; border-radius: 4px; flex-grow: 0; height: 14px; margin-bottom: 6px; width: 224px;\"><\/div>\n<div style=\"background-color: #f4f4f4; border-radius: 4px; flex-grow: 0; height: 14px; width: 144px;\"><\/div>\n<\/div>\n<p>&nbsp;<\/p>\n<p style=\"color: #c9c8cd; font-family: Arial,sans-serif; font-size: 14px; line-height: 17px; margin-bottom: 0; margin-top: 8px; overflow: hidden; padding: 8px 0 7px; text-align: center; text-overflow: ellipsis; white-space: nowrap;\"><a style=\"color: #c9c8cd; font-family: Arial,sans-serif; font-size: 14px; font-style: normal; font-weight: normal; line-height: 17px; text-decoration: none;\" href=\"https:\/\/www.instagram.com\/p\/CMewXcvBliq\/?utm_source=ig_embed&amp;utm_campaign=loading\" target=\"_blank\" rel=\"noopener\">Una publicaci\u00f3n compartida de Celebrity Real Estate (@housesofcelebs)<\/a><\/p>\n<\/div>\n<\/blockquote>\n<p><script src=\"\/\/www.instagram.com\/embed.js\" async=\"\"><\/script><\/p>\n<p>En el <strong>exterior<\/strong> la cantante puede disfrutar de varios jardines, dos patios una piscina tipo resort.<\/p>\n<p>El <strong>dise\u00f1o es contempor\u00e1neo, tradicional, y acogedor.<\/strong> Los pisos de madera de roble blanco franc\u00e9s favorecen el dise\u00f1o de piso abierto especialmente en las plantas bajas. Desde varias de las estancias de las casas se puede contemplar y acceder a los diversos <strong><a href=\"https:\/\/www.fotocasa.es\/fotocasa-life\/inspiracion\/guia-para-reformar-un-patio\/\">patios exteriores<\/a><\/strong>.<\/p>\n<p><iframe loading=\"lazy\" src=\"https:\/\/assets.pinterest.com\/ext\/embed.html?id=412923859592241451\" width=\"345\" height=\"330\" frameborder=\"0\" scrolling=\"no\"><\/iframe><\/p>\n<p>La <a href=\"https:\/\/www.fotocasa.es\/fotocasa-life\/hogar\/decoracion\/cocinas-de-lujo-como-son\/\"><strong>cocina<\/strong><\/a> tiene unos excelentes materiales de m\u00e1rmol claro y un precioso comedor.<\/p>\n<p><iframe loading=\"lazy\" src=\"https:\/\/assets.pinterest.com\/ext\/embed.html?id=771734086161898112\" width=\"345\" height=\"295\" frameborder=\"0\" scrolling=\"no\"><\/iframe><\/p>\n<p>La <strong>vivienda<\/strong> cuenta con cinco dormitorios y siete ba\u00f1os; el dormitorio principal es espectacular y cuenta con un vestidor y ba\u00f1o desde el que se puede acceder a una terraza privada.<\/p>\n<p><iframe loading=\"lazy\" src=\"https:\/\/assets.pinterest.com\/ext\/embed.html?id=459367230749877271\" width=\"345\" height=\"354\" frameborder=\"0\" scrolling=\"no\"><\/iframe><\/p>\n<p>En uno de los <strong>salones<\/strong> se puede observar una chimenea de m\u00e1rmol negra tan alta como la casa.<\/p>\n<p><iframe loading=\"lazy\" src=\"https:\/\/assets.pinterest.com\/ext\/embed.html?id=66217057012703174\" width=\"345\" height=\"350\" frameborder=\"0\" scrolling=\"no\"><\/iframe><\/p>\n<p>Adem\u00e1s, cuenta con varias <strong>\u00e1reas de entretenimiento<\/strong>, desde un gran gimnasio equipado o bar, hasta spa o elegantes salas de reuniones y espacios para descansar.<\/p>\n<p><iframe loading=\"lazy\" src=\"https:\/\/assets.pinterest.com\/ext\/embed.html?id=645844402834737058\" width=\"345\" height=\"330\" frameborder=\"0\" scrolling=\"no\"><\/iframe><\/p>\n<h3><a href=\"https:\/\/www.fotocasa.es\/fotocasa-life\/inspiracion\/las-casas-de-los-famosos\/\">Ver m\u00e1s casas de famosos<\/a><\/h3>\n<p>&nbsp;<\/p>\n","protected":false},"excerpt":{"rendered":"<p>Como todos los viernes en Fotocasa, queremos dar la bienvenida al fin de semana visitando las casas de los famosos m\u00e1s top del momento. Hoy es el turno de Rihanna, la c\u00e9lebre cantante que no para de cosechar \u00e9xito tras \u00e9xito: primero fueron canciones como \u201cUmbrella\u201d, \u201cDiamonds\u201d o \u201cWe found love\u201d; despu\u00e9s, Fenty, una polifac\u00e9tica&#8230;<\/p>\n","protected":false},"author":3,"featured_media":60053,"comment_status":"open","ping_status":"closed","sticky":false,"template":"","format":"standard","meta":{"_lmt_disableupdate":"yes","_lmt_disable":"","footnotes":""},"categories":[4066],"tags":[4150,2586,659,3329,4088,3327,2576,2447],"class_list":["post-60052","post","type-post","status-publish","format-standard","has-post-thumbnail","hentry","category-famosos","tag-casa-famoso","tag-casas-de-famosos","tag-casas-de-lujo","tag-casas-de-lujo-con-terreno","tag-casas-famosos","tag-casas-lujosas","tag-famosos","tag-mansion-de-lujo"],"modified_by":null,"_links":{"self":[{"href":"https:\/\/www.fotocasa.es\/fotocasa-life\/wp-json\/wp\/v2\/posts\/60052","targetHints":{"allow":["GET"]}}],"collection":[{"href":"https:\/\/www.fotocasa.es\/fotocasa-life\/wp-json\/wp\/v2\/posts"}],"about":[{"href":"https:\/\/www.fotocasa.es\/fotocasa-life\/wp-json\/wp\/v2\/types\/post"}],"author":[{"embeddable":true,"href":"https:\/\/www.fotocasa.es\/fotocasa-life\/wp-json\/wp\/v2\/users\/3"}],"replies":[{"embeddable":true,"href":"https:\/\/www.fotocasa.es\/fotocasa-life\/wp-json\/wp\/v2\/comments?post=60052"}],"version-history":[{"count":0,"href":"https:\/\/www.fotocasa.es\/fotocasa-life\/wp-json\/wp\/v2\/posts\/60052\/revisions"}],"wp:featuredmedia":[{"embeddable":true,"href":"https:\/\/www.fotocasa.es\/fotocasa-life\/wp-json\/wp\/v2\/media\/60053"}],"wp:attachment":[{"href":"https:\/\/www.fotocasa.es\/fotocasa-life\/wp-json\/wp\/v2\/media?parent=60052"}],"wp:term":[{"taxonomy":"category","embeddable":true,"href":"https:\/\/www.fotocasa.es\/fotocasa-life\/wp-json\/wp\/v2\/categories?post=60052"},{"taxonomy":"post_tag","embeddable":true,"href":"https:\/\/www.fotocasa.es\/fotocasa-life\/wp-json\/wp\/v2\/tags?post=60052"}],"curies":[{"name":"wp","href":"https:\/\/api.w.org\/{rel}","templated":true}]}}