{"id":59217,"date":"2021-02-18T14:19:05","date_gmt":"2021-02-18T13:19:05","guid":{"rendered":"https:\/\/www.fotocasa.es\/fotocasa-life\/?p=59217"},"modified":"2021-02-18T14:19:05","modified_gmt":"2021-02-18T13:19:05","slug":"unidas-podemos-plantea-propietarios-asuman-comision-inmobiliarias","status":"publish","type":"post","link":"https:\/\/www.fotocasa.es\/fotocasa-life\/hipotecas-finanzas\/unidas-podemos-plantea-propietarios-asuman-comision-inmobiliarias\/","title":{"rendered":"Unidas Podemos propone que los propietarios asuman la comisi\u00f3n de las inmobiliarias"},"content":{"rendered":"<p>Desde Europa Press informan de que Unidas Podemos ha planteado en el Gobierno, con vistas a la nueva Ley de Vivienda, que <strong>las comisiones que cobran las inmobiliarias, tanto en las operaciones de compraventa de viviendas como de alquiler, las abonen los propietarios<\/strong> frente a la situaci\u00f3n actual, que son asumidas por el inquilino o el adquiriente del piso.<\/p>\n<p>As\u00ed lo detalla la Vicepresidencia de Derechos Sociales en un documento al que ha tenido acceso Europa Press y adelantado por el diario &#8216;La Informaci\u00f3n&#8217;, para su traslado al Ministerio de Transportes, la otra parte implicada en la elaboraci\u00f3n de dicha normativa.<\/p>\n<h2>En l\u00ednea con el acuerdo del gobierno de coalici\u00f3n<\/h2>\n<p><strong>Una medida en la l\u00ednea con el acuerdo de gobierno de coalici\u00f3n<\/strong>, que en su punto 29.9 detalla en materia de vivienda que \u00ablos honorarios correspondientes a las gestiones realizadas por la empresa inmobiliaria, bien en operaciones de compraventa como en alquiler de inmuebles, ser\u00e1n satisfechos por el vendedor o arrendador, respectivamente\u00bb.<\/p>\n<p>Las negociaciones entre los dos socios de gobierno se congelaron por motivo de las elecciones catalanas y<strong> la previsi\u00f3n es que se reactiven de forma inminente, dado que el plazo inicialmente fijado era poder tenerla lista este mes de febrero.<\/strong><\/p>\n<p>Unidas Podemos ha trasladado varias medidas para su inclusi\u00f3n en la nueva Ley de Vivienda, como<strong> fijar la figura de gran tenedor a cinco o m\u00e1s propietarios<\/strong> (rebajando la franja pautada en el decreto antidesahucios que apunta a diez o m\u00e1s), obligar a estos grandes propietarios a destinar el 30% de la vivienda social a alquiler social o desplegar un impuesto a la vivienda vac\u00eda.<\/p>\n<p>Los contactos han revelado \u00abdiferencias sustanciales\u00bb entre ambas formaciones sobre el contenido de la reforma. En el ala morada de la coalici\u00f3n han reprochado al PSOE que no responda o ignore sus planteamientos.<\/p>\n<p>De hecho, temen que los planteamientos del departamento que dirige Jos\u00e9 Luis \u00c1balos sean poco ambiciosos y se limiten a un modelo de incentivos, similar al que se despliega en Portugal, y que a juicio de la Vicepresidencia Segunda ha fracasado a la hora de regular el precio del alquiler y bajar las rentas que soportan los inquilinos.<\/p>\n<p>En el acuerdo de coalici\u00f3n, y despu\u00e9s refrendado en el pacto espec\u00edfico sobre los Presupuestos Generales del Estado (PGE), PSOE y Unidas Podemos pactaron desplegar la regulaci\u00f3n del precio del alquiler para mercados en zonas tensionadas.<\/p>\n","protected":false},"excerpt":{"rendered":"<p>Desde Europa Press informan de que Unidas Podemos ha planteado en el Gobierno, con vistas a la nueva Ley de Vivienda, que las comisiones que cobran las inmobiliarias, tanto en las operaciones de compraventa de viviendas como de alquiler, las abonen los propietarios frente a la situaci\u00f3n actual, que son asumidas por el inquilino o&#8230;<\/p>\n","protected":false},"author":3,"featured_media":59229,"comment_status":"open","ping_status":"closed","sticky":false,"template":"","format":"standard","meta":{"_lmt_disableupdate":"yes","_lmt_disable":"","footnotes":""},"categories":[6],"tags":[449,1665,2695,199,363,2691],"class_list":["post-59217","post","type-post","status-publish","format-standard","has-post-thumbnail","hentry","category-hipotecas-finanzas","tag-gobierno-de-espana","tag-ley-de-vivienda","tag-podemos","tag-politica","tag-politicas-de-vivienda","tag-psoe"],"modified_by":null,"_links":{"self":[{"href":"https:\/\/www.fotocasa.es\/fotocasa-life\/wp-json\/wp\/v2\/posts\/59217","targetHints":{"allow":["GET"]}}],"collection":[{"href":"https:\/\/www.fotocasa.es\/fotocasa-life\/wp-json\/wp\/v2\/posts"}],"about":[{"href":"https:\/\/www.fotocasa.es\/fotocasa-life\/wp-json\/wp\/v2\/types\/post"}],"author":[{"embeddable":true,"href":"https:\/\/www.fotocasa.es\/fotocasa-life\/wp-json\/wp\/v2\/users\/3"}],"replies":[{"embeddable":true,"href":"https:\/\/www.fotocasa.es\/fotocasa-life\/wp-json\/wp\/v2\/comments?post=59217"}],"version-history":[{"count":0,"href":"https:\/\/www.fotocasa.es\/fotocasa-life\/wp-json\/wp\/v2\/posts\/59217\/revisions"}],"wp:featuredmedia":[{"embeddable":true,"href":"https:\/\/www.fotocasa.es\/fotocasa-life\/wp-json\/wp\/v2\/media\/59229"}],"wp:attachment":[{"href":"https:\/\/www.fotocasa.es\/fotocasa-life\/wp-json\/wp\/v2\/media?parent=59217"}],"wp:term":[{"taxonomy":"category","embeddable":true,"href":"https:\/\/www.fotocasa.es\/fotocasa-life\/wp-json\/wp\/v2\/categories?post=59217"},{"taxonomy":"post_tag","embeddable":true,"href":"https:\/\/www.fotocasa.es\/fotocasa-life\/wp-json\/wp\/v2\/tags?post=59217"}],"curies":[{"name":"wp","href":"https:\/\/api.w.org\/{rel}","templated":true}]}}