{"id":5896,"date":"2015-03-16T11:36:35","date_gmt":"2015-03-16T10:36:35","guid":{"rendered":"https:\/\/www.fotocasa.es\/fotocasa-life\/?p=5896"},"modified":"2020-11-27T11:31:15","modified_gmt":"2020-11-27T10:31:15","slug":"la-tasacion-de-viviendas-repunta-con-la-recuperacion-del-mercado-segun-aev","status":"publish","type":"post","link":"https:\/\/www.fotocasa.es\/fotocasa-life\/compraventa\/la-tasacion-de-viviendas-repunta-con-la-recuperacion-del-mercado-segun-aev\/","title":{"rendered":"La tasaci\u00f3n de viviendas repunta con la recuperaci\u00f3n del mercado, seg\u00fan AEV"},"content":{"rendered":"<p>La actividad del sector de las tasaciones se reactiva con crecimientos superiores trimestre a trimestre, al tiempo que el mercado inmobiliario se estabiliza, seg\u00fan la Asociaci\u00f3n Espa\u00f1ola de An\u00e1lisis de Valor (AEV).<\/p>\n<p>As\u00ed, los proyectos de edificios valorados fueron 179 en el <a title=\"El grueso del sector de la tasaci\u00f3n eleva su actividad un 22% durante el primer semestre\" href=\"https:\/\/www.fotocasa.es\/fotocasa-life\/hipotecas-finanzas\/el-grueso-del-sector-de-la-tasacion-eleva-su-actividad-un-22-durante-el-primer-semestre\/\"><strong>primer trimestre<\/strong><\/a> de 2014, 224 en el segundo y 367 en el tercero. Del mismo modo, las nuevas valoraciones de viviendas individuales, que mostraban un crecimiento interanual del primer semestre del a\u00f1o mostraban un crecimiento interanual del 7%, se han acelerado hasta un 10% en el tercer trimestre.<\/p>\n<p>Ahora bien, la recuperaci\u00f3n de la actividad no se est\u00e1 viendo acompa\u00f1ada de un <a title=\"El precio de la vivienda toc\u00f3 suelo en 2014, seg\u00fan la Sociedad de Tasaci\u00f3n\" href=\"https:\/\/www.fotocasa.es\/fotocasa-life\/compraventa\/el-precio-de-la-vivienda-toco-suelo-en-2014-segun-la-sociedad-de-tasacion\/\"><strong>incremento de los precios<\/strong><\/a>, seg\u00fan la AEV. Los valores medios de tasaci\u00f3n de viviendas en bloque continuaron cayendo hasta septiembre de 2014, desde los 1.342 \u20ac\/m2 de media durante el primer trimestre hasta los 1.262 \u20ac\/m2 en el tercero, un 5,9% menos.<\/p>\n<p>Las viviendas unifamiliares, por su parte, mostraban estabilidad a lo largo de esos primeros nueve meses.<\/p>\n<p>Para el secretario de la AEV, Jos\u00e9 Manuel G\u00f3mez de Miguel, estos datos \u00abson la confirmaci\u00f3n estad\u00edstica de que la <a title=\"2015, el a\u00f1o clave para la recuperaci\u00f3n\" href=\"https:\/\/www.fotocasa.es\/fotocasa-life\/compraventa\/2015-clave-para-la-recuperacion\/\"><strong>recuperaci\u00f3n de la actividad residencial<\/strong><\/a> y de la demanda solvente de cr\u00e9dito ha empezado a notarse ya en 2014&#8243;.<\/p>\n<p>&nbsp;<\/p>\n","protected":false},"excerpt":{"rendered":"<p>La actividad del sector de las tasaciones se reactiva con crecimientos superiores trimestre a trimestre, al tiempo que el mercado inmobiliario se estabiliza, seg\u00fan la Asociaci\u00f3n Espa\u00f1ola de An\u00e1lisis de Valor (AEV). As\u00ed, los proyectos de edificios valorados fueron 179 en el primer trimestre de 2014, 224 en el segundo y 367 en el tercero&#8230;.<\/p>\n","protected":false},"author":3,"featured_media":4398,"comment_status":"open","ping_status":"open","sticky":false,"template":"","format":"standard","meta":{"_lmt_disableupdate":"yes","_lmt_disable":"","footnotes":""},"categories":[3],"tags":[376,72,207,1056,1484,1355],"class_list":["post-5896","post","type-post","status-publish","format-standard","has-post-thumbnail","hentry","category-compraventa","tag-administraciones-publicas","tag-compraventa-de-vivienda","tag-precio-de-la-vivienda","tag-tasaciones","tag-tasaciones-inmobiliarias","tag-valor-de-tasacion"],"modified_by":"Albert PC","_links":{"self":[{"href":"https:\/\/www.fotocasa.es\/fotocasa-life\/wp-json\/wp\/v2\/posts\/5896","targetHints":{"allow":["GET"]}}],"collection":[{"href":"https:\/\/www.fotocasa.es\/fotocasa-life\/wp-json\/wp\/v2\/posts"}],"about":[{"href":"https:\/\/www.fotocasa.es\/fotocasa-life\/wp-json\/wp\/v2\/types\/post"}],"author":[{"embeddable":true,"href":"https:\/\/www.fotocasa.es\/fotocasa-life\/wp-json\/wp\/v2\/users\/3"}],"replies":[{"embeddable":true,"href":"https:\/\/www.fotocasa.es\/fotocasa-life\/wp-json\/wp\/v2\/comments?post=5896"}],"version-history":[{"count":0,"href":"https:\/\/www.fotocasa.es\/fotocasa-life\/wp-json\/wp\/v2\/posts\/5896\/revisions"}],"wp:featuredmedia":[{"embeddable":true,"href":"https:\/\/www.fotocasa.es\/fotocasa-life\/wp-json\/wp\/v2\/media\/4398"}],"wp:attachment":[{"href":"https:\/\/www.fotocasa.es\/fotocasa-life\/wp-json\/wp\/v2\/media?parent=5896"}],"wp:term":[{"taxonomy":"category","embeddable":true,"href":"https:\/\/www.fotocasa.es\/fotocasa-life\/wp-json\/wp\/v2\/categories?post=5896"},{"taxonomy":"post_tag","embeddable":true,"href":"https:\/\/www.fotocasa.es\/fotocasa-life\/wp-json\/wp\/v2\/tags?post=5896"}],"curies":[{"name":"wp","href":"https:\/\/api.w.org\/{rel}","templated":true}]}}